{"id":5796,"date":"2018-07-14T18:57:44","date_gmt":"2018-07-14T16:57:44","guid":{"rendered":"http:\/\/www.mairie-volonne.fr\/?p=5796"},"modified":"2018-07-16T18:14:57","modified_gmt":"2018-07-16T16:14:57","slug":"une-balade-au-fil-de-leau-pour-volonne","status":"publish","type":"post","link":"https:\/\/www.mairie-volonne.fr\/index.php\/2018\/07\/14\/une-balade-au-fil-de-leau-pour-volonne\/","title":{"rendered":"Une balade au fil de l&rsquo;eau pour Volonne"},"content":{"rendered":"<div id=\"body-container\">\n<div id=\"page-container\">\n<div id=\"page\" class=\" watch video-tgch-CSbqas clearfix\">\n<div id=\"content\" class=\" content-alignment\" role=\"main\">\n<div id=\"watch7-container\">\n<div id=\"watch7-main-container\">\n<div id=\"watch7-main\" class=\"clearfix\">\n<div id=\"watch7-content\" class=\"watch-main-col \">\n<div id=\"watch-header\" class=\"yt-card yt-card-has-padding\">\n<div id=\"watch7-headline\" class=\"clearfix\">\n<div id=\"watch-headline-title\">\n<p class=\"watch-title-container\"><span class=\"watch-title\" dir=\"ltr\" title=\"Balade au fil de l'eau \u00e0 Volonne - ProvenceTV\">a \u00e9t\u00e9 initi\u00e9e par Luigi et l&rsquo;Association du patrimoine \u00ab\u00a0la Vieille Pierre\u00a0\u00bb pour notre plus grand plaisir. <\/span><\/p>\n<p class=\"watch-title-container\">Notre guide passionn\u00e9 emm\u00e8ne fr\u00e9quemment<\/p>\n<p class=\"watch-title-container\">ses visiteurs en commentant les lieux.<\/p>\n<h3 class=\"watch-title-container\"><span id=\"eow-title\" class=\"watch-title\" dir=\"ltr\" title=\"Balade au fil de l'eau \u00e0 Volonne - ProvenceTV\">A d\u00e9couvrir la <\/span><\/h3>\n<p><!--more--><\/p>\n<h3 class=\"watch-title-container\"><span style=\"color: #008000;\"><strong><a style=\"color: #008000;\" href=\"http:\/\/www.provencetv.fr\/balade-au-fil-de-leau-a-volonne\" target=\"_blank\" rel=\"noopener\"><span id=\"eow-title\" class=\"watch-title\" dir=\"ltr\" title=\"Balade au fil de l'eau \u00e0 Volonne - ProvenceTV\">Vid\u00e9o de Luigi: <\/span><\/a><\/strong><\/span><span id=\"eow-title\" class=\"watch-title\" dir=\"ltr\" title=\"Balade au fil de l'eau \u00e0 Volonne - ProvenceTV\"><br \/>\n<\/span><\/h3>\n<h3><strong><span style=\"color: #008000;\"><a style=\"color: #008000;\" href=\"http:\/\/www.mairie-volonne.fr\/wp-content\/uploads\/2018\/07\/Balade-au-fil-de-leau-Plaquette-complete.pdf\" target=\"_blank\" rel=\"noopener\">Voir ici la Plaquette compl\u00e8te &#8211;\u00a0<\/a><a style=\"color: #008000;\" href=\"http:\/\/www.mairie-volonne.fr\/wp-content\/uploads\/2018\/07\/Balade-au-fil-de-leau-Plaquette-complete.pdf\">Plan et d\u00e9tail de cette balade au fil de l&rsquo;eau <\/a><\/span><\/strong><\/h3>\n<p><span style=\"color: #ff6600;\">&#8230;&#8230;&#8230;&#8230;&#8230;&#8230;&#8230;&#8230;&#8230;&#8230;..<\/span><\/p>\n<p><strong>Il est \u00e0 noter<\/strong> par ailleurs que <strong>L&rsquo;association du Patrimoine \u00ab\u00a0la vieille Pierre\u00a0\u00bb<\/strong><\/p>\n<p>et des b\u00e9n\u00e9voles passionn\u00e9s d&rsquo;Histoire \u00a0 organisent r\u00e9guli\u00e8rement des visites du village.<\/p>\n<p><strong>Plus d&rsquo;infos pour cela \u00e0 l&rsquo;accueil du moulin Trabuc en \u00c9t\u00e9\u00a0 ou\u00a0 \u00e0 la mairie.<\/strong><\/p>\n<p><span style=\"color: #ff6600;\">&#8230;&#8230;&#8230;&#8230;&#8230;&#8230;&#8230;&#8230;&#8230;&#8230;&#8230;.<\/span><\/p>\n<p>La vid\u00e9o de Luigi a \u00e9t\u00e9 r\u00e9alis\u00e9e et publi\u00e9e par\u00a0 2 b\u00e9n\u00e9voles passionn\u00e9s de patrimoine et<\/p>\n<p>par la transmission des coutumes proven\u00e7ales:<\/p>\n<h3><span style=\"color: #ff6600;\">\u00c9lise et Jean-Paul de<\/span>\u00a0\u00a0 <a href=\"http:\/\/www.provencetv.fr\/\" target=\"_blank\" rel=\"noopener\"><strong><span style=\"color: #008000;\">provencetv.fr<\/span><\/strong><\/a><\/h3>\n<p>Nous les en remercions tr\u00e8s chaleureusement.<\/p>\n<p><span style=\"color: #ff6600;\">&#8230;&#8230;&#8230;&#8230;&#8230;&#8230;&#8230;&#8230;&#8230;&#8230;&#8230;<\/span><\/p>\n<\/div>\n<\/div>\n<\/div>\n<\/div>\n<\/div>\n<\/div>\n<\/div>\n<\/div>\n<\/div>\n<\/div>\n<\/div>\n<p>&nbsp;<\/p>\n<p>&nbsp;<\/p>\n","protected":false},"excerpt":{"rendered":"<p>a \u00e9t\u00e9 initi\u00e9e par Luigi et l&rsquo;Association du patrimoine \u00ab\u00a0la Vieille Pierre\u00a0\u00bb pour notre plus grand plaisir. Notre guide passionn\u00e9 emm\u00e8ne fr\u00e9quemment ses visiteurs en commentant les lieux. A d\u00e9couvrir la<\/p>\n","protected":false},"author":7,"featured_media":5799,"comment_status":"closed","ping_status":"open","sticky":false,"template":"","format":"standard","meta":{"_EventAllDay":false,"_EventTimezone":"","_EventStartDate":"","_EventEndDate":"","_EventStartDateUTC":"","_EventEndDateUTC":"","_EventShowMap":false,"_EventShowMapLink":false,"_EventURL":"","_EventCost":"","_EventCostDescription":"","_EventCurrencySymbol":"","_EventCurrencyCode":"","_EventCurrencyPosition":"","_EventDateTimeSeparator":"","_EventTimeRangeSeparator":"","_EventOrganizerID":[],"_EventVenueID":[],"_OrganizerEmail":"","_OrganizerPhone":"","_OrganizerWebsite":"","_VenueAddress":"","_VenueCity":"","_VenueCountry":"","_VenueProvince":"","_VenueState":"","_VenueZip":"","_VenuePhone":"","_VenueURL":"","_VenueStateProvince":"","_VenueLat":"","_VenueLng":"","_VenueShowMap":false,"_VenueShowMapLink":false,"jetpack_post_was_ever_published":false,"_jetpack_newsletter_access":"","_jetpack_dont_email_post_to_subs":false,"_jetpack_newsletter_tier_id":0,"_jetpack_memberships_contains_paywalled_content":false,"_jetpack_memberships_contains_paid_content":false,"footnotes":"","jetpack_publicize_message":"","jetpack_publicize_feature_enabled":true,"jetpack_social_post_already_shared":true,"jetpack_social_options":{"image_generator_settings":{"template":"highway","default_image_id":0,"font":"","enabled":false},"version":2}},"categories":[3],"tags":[],"class_list":["post-5796","post","type-post","status-publish","format-standard","has-post-thumbnail","hentry","category-non-classe"],"jetpack_publicize_connections":[],"jetpack_featured_media_url":"https:\/\/www.mairie-volonne.fr\/wp-content\/uploads\/2018\/07\/Composition.jpg","jetpack_shortlink":"https:\/\/wp.me\/p6fN6B-1vu","jetpack_sharing_enabled":true,"_links":{"self":[{"href":"https:\/\/www.mairie-volonne.fr\/index.php\/wp-json\/wp\/v2\/posts\/5796","targetHints":{"allow":["GET"]}}],"collection":[{"href":"https:\/\/www.mairie-volonne.fr\/index.php\/wp-json\/wp\/v2\/posts"}],"about":[{"href":"https:\/\/www.mairie-volonne.fr\/index.php\/wp-json\/wp\/v2\/types\/post"}],"author":[{"embeddable":true,"href":"https:\/\/www.mairie-volonne.fr\/index.php\/wp-json\/wp\/v2\/users\/7"}],"replies":[{"embeddable":true,"href":"https:\/\/www.mairie-volonne.fr\/index.php\/wp-json\/wp\/v2\/comments?post=5796"}],"version-history":[{"count":10,"href":"https:\/\/www.mairie-volonne.fr\/index.php\/wp-json\/wp\/v2\/posts\/5796\/revisions"}],"predecessor-version":[{"id":5873,"href":"https:\/\/www.mairie-volonne.fr\/index.php\/wp-json\/wp\/v2\/posts\/5796\/revisions\/5873"}],"wp:featuredmedia":[{"embeddable":true,"href":"https:\/\/www.mairie-volonne.fr\/index.php\/wp-json\/wp\/v2\/media\/5799"}],"wp:attachment":[{"href":"https:\/\/www.mairie-volonne.fr\/index.php\/wp-json\/wp\/v2\/media?parent=5796"}],"wp:term":[{"taxonomy":"category","embeddable":true,"href":"https:\/\/www.mairie-volonne.fr\/index.php\/wp-json\/wp\/v2\/categories?post=5796"},{"taxonomy":"post_tag","embeddable":true,"href":"https:\/\/www.mairie-volonne.fr\/index.php\/wp-json\/wp\/v2\/tags?post=5796"}],"curies":[{"name":"wp","href":"https:\/\/api.w.org\/{rel}","templated":true}]}}