{"id":14793,"date":"2026-04-30T09:49:46","date_gmt":"2026-04-30T07:49:46","guid":{"rendered":"https:\/\/www.mairie-volonne.fr\/?p=14793"},"modified":"2026-04-30T09:49:46","modified_gmt":"2026-04-30T07:49:46","slug":"fete-de-quartier-centre-ancien-de-volonne","status":"publish","type":"post","link":"https:\/\/www.mairie-volonne.fr\/index.php\/2026\/04\/30\/fete-de-quartier-centre-ancien-de-volonne\/","title":{"rendered":"F\u00eate de quartier \u2013 Centre Ancien de Volonne"},"content":{"rendered":"<p style=\"text-align: center;\"><span style=\"font-size: 24pt;\">Le <strong>vendredi 8 mai 2026 \u00e0 17h<\/strong>, <\/span><\/p>\n<p style=\"text-align: center;\"><span style=\"font-size: 24pt;\">retrouvons\u2011nous <strong>Place du Vieux Four (rue Centrale)<\/strong> pour un moment chaleureux entre voisins et voisines.<\/span><\/p>\n<p style=\"text-align: center;\"><span style=\"font-size: 24pt;\">\ud83d\udc49 <em>\u201cL\u2019id\u00e9e est de partager un buffet compos\u00e9 des mets et des boissons que toutes et tous auront apport\u00e9s.\u201d<\/em> <\/span><\/p>\n<p style=\"text-align: center;\"><span style=\"font-size: 24pt;\">\ud83d\udc49 La <strong>brasserie Zero 4 de Volonne<\/strong> sera pr\u00e9sente pour l\u2019occasion ! <\/span><\/p>\n<p style=\"text-align: center;\"><span style=\"font-size: 24pt;\">\ud83d\udc49 Pensez simplement \u00e0 apporter votre vaisselle.<\/span><\/p>\n<p style=\"text-align: center;\"><span style=\"font-size: 24pt;\">Un beau moment de convivialit\u00e9 en perspective, soutenu par la <strong>Mairie de Volonne<\/strong>. Venez nombreux pour faire vivre notre quartier et partager un bon moment ensemble \u2728<\/span><\/p>\n","protected":false},"excerpt":{"rendered":"<p>Le vendredi 8 mai 2026 \u00e0 17h, retrouvons\u2011nous Place du Vieux Four (rue Centrale) pour un moment chaleureux entre voisins et voisines. \ud83d\udc49 \u201cL\u2019id\u00e9e est de partager un buffet compos\u00e9 des mets et des boissons que toutes et tous auront apport\u00e9s.\u201d \ud83d\udc49 La brasserie Zero 4 de Volonne sera pr\u00e9sente pour l\u2019occasion ! \ud83d\udc49 Pensez [&#8230;]<\/p>\n","protected":false},"author":9,"featured_media":14794,"comment_status":"closed","ping_status":"open","sticky":false,"template":"","format":"standard","meta":{"_EventAllDay":false,"_EventTimezone":"","_EventStartDate":"","_EventEndDate":"","_EventStartDateUTC":"","_EventEndDateUTC":"","_EventShowMap":false,"_EventShowMapLink":false,"_EventURL":"","_EventCost":"","_EventCostDescription":"","_EventCurrencySymbol":"","_EventCurrencyCode":"","_EventCurrencyPosition":"","_EventDateTimeSeparator":"","_EventTimeRangeSeparator":"","_EventOrganizerID":[],"_EventVenueID":[],"_OrganizerEmail":"","_OrganizerPhone":"","_OrganizerWebsite":"","_VenueAddress":"","_VenueCity":"","_VenueCountry":"","_VenueProvince":"","_VenueState":"","_VenueZip":"","_VenuePhone":"","_VenueURL":"","_VenueStateProvince":"","_VenueLat":"","_VenueLng":"","_VenueShowMap":false,"_VenueShowMapLink":false,"jetpack_post_was_ever_published":false,"_jetpack_newsletter_access":"","_jetpack_dont_email_post_to_subs":false,"_jetpack_newsletter_tier_id":0,"_jetpack_memberships_contains_paywalled_content":false,"_jetpack_memberships_contains_paid_content":false,"footnotes":"","jetpack_publicize_message":"","jetpack_publicize_feature_enabled":true,"jetpack_social_post_already_shared":true,"jetpack_social_options":{"image_generator_settings":{"template":"highway","default_image_id":0,"font":"","enabled":false},"version":2}},"categories":[3],"tags":[],"class_list":["post-14793","post","type-post","status-publish","format-standard","has-post-thumbnail","hentry","category-non-classe"],"jetpack_publicize_connections":[],"jetpack_featured_media_url":"https:\/\/www.mairie-volonne.fr\/wp-content\/uploads\/2026\/04\/ft-centre-ancien.png","jetpack_shortlink":"https:\/\/wp.me\/p6fN6B-3QB","jetpack_sharing_enabled":true,"_links":{"self":[{"href":"https:\/\/www.mairie-volonne.fr\/index.php\/wp-json\/wp\/v2\/posts\/14793","targetHints":{"allow":["GET"]}}],"collection":[{"href":"https:\/\/www.mairie-volonne.fr\/index.php\/wp-json\/wp\/v2\/posts"}],"about":[{"href":"https:\/\/www.mairie-volonne.fr\/index.php\/wp-json\/wp\/v2\/types\/post"}],"author":[{"embeddable":true,"href":"https:\/\/www.mairie-volonne.fr\/index.php\/wp-json\/wp\/v2\/users\/9"}],"replies":[{"embeddable":true,"href":"https:\/\/www.mairie-volonne.fr\/index.php\/wp-json\/wp\/v2\/comments?post=14793"}],"version-history":[{"count":1,"href":"https:\/\/www.mairie-volonne.fr\/index.php\/wp-json\/wp\/v2\/posts\/14793\/revisions"}],"predecessor-version":[{"id":14795,"href":"https:\/\/www.mairie-volonne.fr\/index.php\/wp-json\/wp\/v2\/posts\/14793\/revisions\/14795"}],"wp:featuredmedia":[{"embeddable":true,"href":"https:\/\/www.mairie-volonne.fr\/index.php\/wp-json\/wp\/v2\/media\/14794"}],"wp:attachment":[{"href":"https:\/\/www.mairie-volonne.fr\/index.php\/wp-json\/wp\/v2\/media?parent=14793"}],"wp:term":[{"taxonomy":"category","embeddable":true,"href":"https:\/\/www.mairie-volonne.fr\/index.php\/wp-json\/wp\/v2\/categories?post=14793"},{"taxonomy":"post_tag","embeddable":true,"href":"https:\/\/www.mairie-volonne.fr\/index.php\/wp-json\/wp\/v2\/tags?post=14793"}],"curies":[{"name":"wp","href":"https:\/\/api.w.org\/{rel}","templated":true}]}}