{"id":14263,"date":"2025-10-20T15:21:46","date_gmt":"2025-10-20T13:21:46","guid":{"rendered":"https:\/\/www.mairie-volonne.fr\/?p=14263"},"modified":"2025-10-20T15:21:46","modified_gmt":"2025-10-20T13:21:46","slug":"recherche-service-civique-mediatheque","status":"publish","type":"post","link":"https:\/\/www.mairie-volonne.fr\/index.php\/2025\/10\/20\/recherche-service-civique-mediatheque\/","title":{"rendered":"Recherche Service civique M\u00e9diath\u00e8que"},"content":{"rendered":"<h2 style=\"text-align: center;\"><strong>\ud83d\udcda La commune de Volonne recherche un service civique pour la m\u00e9diath\u00e8que du village !<\/strong><\/h2>\n<h2 style=\"text-align: center;\">Tu as entre <strong>16 et 25 ans<\/strong> et tu souhaites t\u2019engager dans une mission utile et enrichissante ?<br \/>\nRejoins-nous pour <strong>animer la m\u00e9diath\u00e8que de Volonne<\/strong> et participer \u00e0 la vie locale !<\/h2>\n<h2 style=\"text-align: center;\">\ud83d\udc49 Pour en savoir plus sur la mission :<br \/>\n<a href=\"https:\/\/www.insite-france.org\/qui-sommes-nous\/les-villages-insite\/animer-la-mediatheque-de-volonne\">Animer la m\u00e9diath\u00e8que de Volonne | Insite<\/a><\/h2>\n<h2 style=\"text-align: center;\">\ud83d\udce7 Pour candidater ou poser tes questions :<br \/>\n<strong>aline.ferrand@mairie-volonne.eu<\/strong><\/h2>\n","protected":false},"excerpt":{"rendered":"<p>\ud83d\udcda La commune de Volonne recherche un service civique pour la m\u00e9diath\u00e8que du village ! Tu as entre 16 et 25 ans et tu souhaites t\u2019engager dans une mission utile et enrichissante ? Rejoins-nous pour animer la m\u00e9diath\u00e8que de Volonne et participer \u00e0 la vie locale ! \ud83d\udc49 Pour en savoir plus sur la mission [&#8230;]<\/p>\n","protected":false},"author":9,"featured_media":14265,"comment_status":"closed","ping_status":"open","sticky":false,"template":"","format":"standard","meta":{"_EventAllDay":false,"_EventTimezone":"","_EventStartDate":"","_EventEndDate":"","_EventStartDateUTC":"","_EventEndDateUTC":"","_EventShowMap":false,"_EventShowMapLink":false,"_EventURL":"","_EventCost":"","_EventCostDescription":"","_EventCurrencySymbol":"","_EventCurrencyCode":"","_EventCurrencyPosition":"","_EventDateTimeSeparator":"","_EventTimeRangeSeparator":"","_EventOrganizerID":[],"_EventVenueID":[],"_OrganizerEmail":"","_OrganizerPhone":"","_OrganizerWebsite":"","_VenueAddress":"","_VenueCity":"","_VenueCountry":"","_VenueProvince":"","_VenueState":"","_VenueZip":"","_VenuePhone":"","_VenueURL":"","_VenueStateProvince":"","_VenueLat":"","_VenueLng":"","_VenueShowMap":false,"_VenueShowMapLink":false,"jetpack_post_was_ever_published":false,"_jetpack_newsletter_access":"","_jetpack_dont_email_post_to_subs":false,"_jetpack_newsletter_tier_id":0,"_jetpack_memberships_contains_paywalled_content":false,"_jetpack_memberships_contains_paid_content":false,"footnotes":"","jetpack_publicize_message":"","jetpack_publicize_feature_enabled":true,"jetpack_social_post_already_shared":true,"jetpack_social_options":{"image_generator_settings":{"template":"highway","default_image_id":0,"font":"","enabled":false},"version":2}},"categories":[3],"tags":[],"class_list":["post-14263","post","type-post","status-publish","format-standard","has-post-thumbnail","hentry","category-non-classe"],"jetpack_publicize_connections":[],"jetpack_featured_media_url":"https:\/\/www.mairie-volonne.fr\/wp-content\/uploads\/2025\/10\/Affiche-Annonce-de-recrutement-Simple-Professionnel-Boheme-Elegant-Neutre-Marron-et-Blanc-2-1.png","jetpack_shortlink":"https:\/\/wp.me\/p6fN6B-3I3","jetpack_sharing_enabled":true,"_links":{"self":[{"href":"https:\/\/www.mairie-volonne.fr\/index.php\/wp-json\/wp\/v2\/posts\/14263","targetHints":{"allow":["GET"]}}],"collection":[{"href":"https:\/\/www.mairie-volonne.fr\/index.php\/wp-json\/wp\/v2\/posts"}],"about":[{"href":"https:\/\/www.mairie-volonne.fr\/index.php\/wp-json\/wp\/v2\/types\/post"}],"author":[{"embeddable":true,"href":"https:\/\/www.mairie-volonne.fr\/index.php\/wp-json\/wp\/v2\/users\/9"}],"replies":[{"embeddable":true,"href":"https:\/\/www.mairie-volonne.fr\/index.php\/wp-json\/wp\/v2\/comments?post=14263"}],"version-history":[{"count":1,"href":"https:\/\/www.mairie-volonne.fr\/index.php\/wp-json\/wp\/v2\/posts\/14263\/revisions"}],"predecessor-version":[{"id":14268,"href":"https:\/\/www.mairie-volonne.fr\/index.php\/wp-json\/wp\/v2\/posts\/14263\/revisions\/14268"}],"wp:featuredmedia":[{"embeddable":true,"href":"https:\/\/www.mairie-volonne.fr\/index.php\/wp-json\/wp\/v2\/media\/14265"}],"wp:attachment":[{"href":"https:\/\/www.mairie-volonne.fr\/index.php\/wp-json\/wp\/v2\/media?parent=14263"}],"wp:term":[{"taxonomy":"category","embeddable":true,"href":"https:\/\/www.mairie-volonne.fr\/index.php\/wp-json\/wp\/v2\/categories?post=14263"},{"taxonomy":"post_tag","embeddable":true,"href":"https:\/\/www.mairie-volonne.fr\/index.php\/wp-json\/wp\/v2\/tags?post=14263"}],"curies":[{"name":"wp","href":"https:\/\/api.w.org\/{rel}","templated":true}]}}