{"id":14256,"date":"2025-10-20T13:36:00","date_gmt":"2025-10-20T11:36:00","guid":{"rendered":"https:\/\/www.mairie-volonne.fr\/?p=14256"},"modified":"2025-10-20T13:36:35","modified_gmt":"2025-10-20T11:36:35","slug":"decouvrez-et-participez-pedt","status":"publish","type":"post","link":"https:\/\/www.mairie-volonne.fr\/index.php\/2025\/10\/20\/decouvrez-et-participez-pedt\/","title":{"rendered":"D\u00e9couvrez et participez PEDT"},"content":{"rendered":"<h2 style=\"text-align: center;\"><strong>La commune vous invite \u00e0 d\u00e9couvrir le projet \u00e9ducatif \u00ab\u00a0\u00c9co-Citoyens en Herbe 2026\u20132028\u00a0\u00bb<\/strong><\/h2>\n<h2 style=\"text-align: center;\">Le\u00a0 <strong>Jeudi 13 novembre \u00e0 17h \u00e0 la <\/strong><strong>Maison des Projets<\/strong><\/h2>\n<h2 style=\"text-align: center;\">Venez participer \u00e0 une rencontre conviviale autour du futur projet \u00e9ducatif port\u00e9 par la commune, d\u00e9di\u00e9 \u00e0 l\u2019\u00e9veil \u00e0 la citoyennet\u00e9 et \u00e0 l\u2019\u00e9cologie pour les enfants et les jeunes.<br \/>\nCe moment d\u2019\u00e9change sera l\u2019occasion de d\u00e9couvrir les grandes lignes du programme, de partager vos id\u00e9es et de contribuer \u00e0 une d\u00e9marche collective et engag\u00e9e.<\/h2>\n<h2 style=\"text-align: center;\"><strong>Votre avis compte, votre pr\u00e9sence aussi !<\/strong><\/h2>\n","protected":false},"excerpt":{"rendered":"<p>La commune vous invite \u00e0 d\u00e9couvrir le projet \u00e9ducatif \u00ab\u00a0\u00c9co-Citoyens en Herbe 2026\u20132028\u00a0\u00bb Le\u00a0 Jeudi 13 novembre \u00e0 17h \u00e0 la Maison des Projets Venez participer \u00e0 une rencontre conviviale autour du futur projet \u00e9ducatif port\u00e9 par la commune, d\u00e9di\u00e9 \u00e0 l\u2019\u00e9veil \u00e0 la citoyennet\u00e9 et \u00e0 l\u2019\u00e9cologie pour les enfants et les jeunes. Ce [&#8230;]<\/p>\n","protected":false},"author":9,"featured_media":14257,"comment_status":"closed","ping_status":"open","sticky":false,"template":"","format":"standard","meta":{"_EventAllDay":false,"_EventTimezone":"","_EventStartDate":"","_EventEndDate":"","_EventStartDateUTC":"","_EventEndDateUTC":"","_EventShowMap":false,"_EventShowMapLink":false,"_EventURL":"","_EventCost":"","_EventCostDescription":"","_EventCurrencySymbol":"","_EventCurrencyCode":"","_EventCurrencyPosition":"","_EventDateTimeSeparator":"","_EventTimeRangeSeparator":"","_EventOrganizerID":[],"_EventVenueID":[],"_OrganizerEmail":"","_OrganizerPhone":"","_OrganizerWebsite":"","_VenueAddress":"","_VenueCity":"","_VenueCountry":"","_VenueProvince":"","_VenueState":"","_VenueZip":"","_VenuePhone":"","_VenueURL":"","_VenueStateProvince":"","_VenueLat":"","_VenueLng":"","_VenueShowMap":false,"_VenueShowMapLink":false,"jetpack_post_was_ever_published":false,"_jetpack_newsletter_access":"","_jetpack_dont_email_post_to_subs":false,"_jetpack_newsletter_tier_id":0,"_jetpack_memberships_contains_paywalled_content":false,"_jetpack_memberships_contains_paid_content":false,"footnotes":"","jetpack_publicize_message":"","jetpack_publicize_feature_enabled":true,"jetpack_social_post_already_shared":true,"jetpack_social_options":{"image_generator_settings":{"template":"highway","default_image_id":0,"font":"","enabled":false},"version":2}},"categories":[3],"tags":[],"class_list":["post-14256","post","type-post","status-publish","format-standard","has-post-thumbnail","hentry","category-non-classe"],"jetpack_publicize_connections":[],"jetpack_featured_media_url":"https:\/\/www.mairie-volonne.fr\/wp-content\/uploads\/2025\/10\/20251113_reunionPEDT.png","jetpack_shortlink":"https:\/\/wp.me\/p6fN6B-3HW","jetpack_sharing_enabled":true,"_links":{"self":[{"href":"https:\/\/www.mairie-volonne.fr\/index.php\/wp-json\/wp\/v2\/posts\/14256","targetHints":{"allow":["GET"]}}],"collection":[{"href":"https:\/\/www.mairie-volonne.fr\/index.php\/wp-json\/wp\/v2\/posts"}],"about":[{"href":"https:\/\/www.mairie-volonne.fr\/index.php\/wp-json\/wp\/v2\/types\/post"}],"author":[{"embeddable":true,"href":"https:\/\/www.mairie-volonne.fr\/index.php\/wp-json\/wp\/v2\/users\/9"}],"replies":[{"embeddable":true,"href":"https:\/\/www.mairie-volonne.fr\/index.php\/wp-json\/wp\/v2\/comments?post=14256"}],"version-history":[{"count":1,"href":"https:\/\/www.mairie-volonne.fr\/index.php\/wp-json\/wp\/v2\/posts\/14256\/revisions"}],"predecessor-version":[{"id":14258,"href":"https:\/\/www.mairie-volonne.fr\/index.php\/wp-json\/wp\/v2\/posts\/14256\/revisions\/14258"}],"wp:featuredmedia":[{"embeddable":true,"href":"https:\/\/www.mairie-volonne.fr\/index.php\/wp-json\/wp\/v2\/media\/14257"}],"wp:attachment":[{"href":"https:\/\/www.mairie-volonne.fr\/index.php\/wp-json\/wp\/v2\/media?parent=14256"}],"wp:term":[{"taxonomy":"category","embeddable":true,"href":"https:\/\/www.mairie-volonne.fr\/index.php\/wp-json\/wp\/v2\/categories?post=14256"},{"taxonomy":"post_tag","embeddable":true,"href":"https:\/\/www.mairie-volonne.fr\/index.php\/wp-json\/wp\/v2\/tags?post=14256"}],"curies":[{"name":"wp","href":"https:\/\/api.w.org\/{rel}","templated":true}]}}