{"id":14250,"date":"2025-10-15T07:57:56","date_gmt":"2025-10-15T05:57:56","guid":{"rendered":"https:\/\/www.mairie-volonne.fr\/?p=14250"},"modified":"2025-10-15T07:57:56","modified_gmt":"2025-10-15T05:57:56","slug":"creation-de-la-mare-pedagogique-espace-durance","status":"publish","type":"post","link":"https:\/\/www.mairie-volonne.fr\/index.php\/2025\/10\/15\/creation-de-la-mare-pedagogique-espace-durance\/","title":{"rendered":"Cr\u00e9ation de la mare p\u00e9dagogique &#8211; Espace Durance"},"content":{"rendered":"<div class=\"xdj266r x14z9mp xat24cr x1lziwak x1vvkbs x126k92a\">\n<h2 dir=\"auto\" style=\"text-align: center;\">Marathon de la Biodiversit\u00e9 men\u00e9 par PAA \u2013 Cr\u00e9ation de la mare p\u00e9dagogique<\/h2>\n<\/div>\n<div dir=\"auto\">Dans le cadre du projet de r\u00e9am\u00e9nagement de l\u2019Espace Durance, nous vous informons que l\u2019entreprise Minetto interviendra le lundi 20 octobre pour proc\u00e9der au creusement de la mare p\u00e9dagogique d\u2019une superficie de 150 m\u00b2, situ\u00e9e dans la roseli\u00e8re \u00e0 l\u2019entr\u00e9e du site.<\/div>\n<div dir=\"auto\">Cette intervention marque une \u00e9tape importante dans la valorisation \u00e9cologique et p\u00e9dagogique de l\u2019espace, en lien avec les objectifs de sensibilisation \u00e0 la biodiversit\u00e9.<\/div>\n<div class=\"x14z9mp xat24cr x1lziwak x1vvkbs xtlvy1s x126k92a\">\n<h2 dir=\"auto\" style=\"text-align: center;\">Nous vous remercions de votre compr\u00e9hension et vous invitons \u00e0 respecter les consignes de s\u00e9curit\u00e9 durant la dur\u00e9e des travaux.<\/h2>\n<\/div>\n","protected":false},"excerpt":{"rendered":"<p>Marathon de la Biodiversit\u00e9 men\u00e9 par PAA \u2013 Cr\u00e9ation de la mare p\u00e9dagogique Dans le cadre du projet de r\u00e9am\u00e9nagement de l\u2019Espace Durance, nous vous informons que l\u2019entreprise Minetto interviendra le lundi 20 octobre pour proc\u00e9der au creusement de la mare p\u00e9dagogique d\u2019une superficie de 150 m\u00b2, situ\u00e9e dans la roseli\u00e8re \u00e0 l\u2019entr\u00e9e du site. [&#8230;]<\/p>\n","protected":false},"author":9,"featured_media":14252,"comment_status":"closed","ping_status":"open","sticky":false,"template":"","format":"standard","meta":{"_EventAllDay":false,"_EventTimezone":"","_EventStartDate":"","_EventEndDate":"","_EventStartDateUTC":"","_EventEndDateUTC":"","_EventShowMap":false,"_EventShowMapLink":false,"_EventURL":"","_EventCost":"","_EventCostDescription":"","_EventCurrencySymbol":"","_EventCurrencyCode":"","_EventCurrencyPosition":"","_EventDateTimeSeparator":"","_EventTimeRangeSeparator":"","_EventOrganizerID":[],"_EventVenueID":[],"_OrganizerEmail":"","_OrganizerPhone":"","_OrganizerWebsite":"","_VenueAddress":"","_VenueCity":"","_VenueCountry":"","_VenueProvince":"","_VenueState":"","_VenueZip":"","_VenuePhone":"","_VenueURL":"","_VenueStateProvince":"","_VenueLat":"","_VenueLng":"","_VenueShowMap":false,"_VenueShowMapLink":false,"jetpack_post_was_ever_published":false,"_jetpack_newsletter_access":"","_jetpack_dont_email_post_to_subs":false,"_jetpack_newsletter_tier_id":0,"_jetpack_memberships_contains_paywalled_content":false,"_jetpack_memberships_contains_paid_content":false,"footnotes":"","jetpack_publicize_message":"","jetpack_publicize_feature_enabled":true,"jetpack_social_post_already_shared":true,"jetpack_social_options":{"image_generator_settings":{"template":"highway","default_image_id":0,"font":"","enabled":false},"version":2}},"categories":[3],"tags":[],"class_list":["post-14250","post","type-post","status-publish","format-standard","has-post-thumbnail","hentry","category-non-classe"],"jetpack_publicize_connections":[],"jetpack_featured_media_url":"https:\/\/www.mairie-volonne.fr\/wp-content\/uploads\/2025\/10\/Capture-decran-2025-10-15-074142-1.png","jetpack_shortlink":"https:\/\/wp.me\/p6fN6B-3HQ","jetpack_sharing_enabled":true,"_links":{"self":[{"href":"https:\/\/www.mairie-volonne.fr\/index.php\/wp-json\/wp\/v2\/posts\/14250","targetHints":{"allow":["GET"]}}],"collection":[{"href":"https:\/\/www.mairie-volonne.fr\/index.php\/wp-json\/wp\/v2\/posts"}],"about":[{"href":"https:\/\/www.mairie-volonne.fr\/index.php\/wp-json\/wp\/v2\/types\/post"}],"author":[{"embeddable":true,"href":"https:\/\/www.mairie-volonne.fr\/index.php\/wp-json\/wp\/v2\/users\/9"}],"replies":[{"embeddable":true,"href":"https:\/\/www.mairie-volonne.fr\/index.php\/wp-json\/wp\/v2\/comments?post=14250"}],"version-history":[{"count":1,"href":"https:\/\/www.mairie-volonne.fr\/index.php\/wp-json\/wp\/v2\/posts\/14250\/revisions"}],"predecessor-version":[{"id":14253,"href":"https:\/\/www.mairie-volonne.fr\/index.php\/wp-json\/wp\/v2\/posts\/14250\/revisions\/14253"}],"wp:featuredmedia":[{"embeddable":true,"href":"https:\/\/www.mairie-volonne.fr\/index.php\/wp-json\/wp\/v2\/media\/14252"}],"wp:attachment":[{"href":"https:\/\/www.mairie-volonne.fr\/index.php\/wp-json\/wp\/v2\/media?parent=14250"}],"wp:term":[{"taxonomy":"category","embeddable":true,"href":"https:\/\/www.mairie-volonne.fr\/index.php\/wp-json\/wp\/v2\/categories?post=14250"},{"taxonomy":"post_tag","embeddable":true,"href":"https:\/\/www.mairie-volonne.fr\/index.php\/wp-json\/wp\/v2\/tags?post=14250"}],"curies":[{"name":"wp","href":"https:\/\/api.w.org\/{rel}","templated":true}]}}