{"id":14221,"date":"2025-10-09T08:53:20","date_gmt":"2025-10-09T06:53:20","guid":{"rendered":"https:\/\/www.mairie-volonne.fr\/?p=14221"},"modified":"2025-10-09T08:53:38","modified_gmt":"2025-10-09T06:53:38","slug":"14221","status":"publish","type":"post","link":"https:\/\/www.mairie-volonne.fr\/index.php\/2025\/10\/09\/14221\/","title":{"rendered":"Nouvelle collecte des restes alimentaires : c\u2019est parti !"},"content":{"rendered":"<h2 style=\"text-align: center;\">Nouvelle collecte des restes alimentaires : c\u2019est parti !<\/h2>\n<h2 style=\"text-align: center;\"><strong>\u00c0 partir du mardi 30 septembre<\/strong>, une nouvelle \u00e9tape s\u2019ouvre dans la gestion des d\u00e9chets sur notre territoire : la mise en place de la collecte des restes alimentaires.<\/h2>\n<h2 style=\"text-align: center;\">Cette initiative, d\u00e9ploy\u00e9e dans plusieurs communes de l\u2019agglom\u00e9ration, a pour objectif de <strong>r\u00e9duire le volume des ordures m\u00e9nag\u00e8res,<\/strong> de mieux trier \u00e0 la source les biod\u00e9chets et de les valoriser en les transformant en biogaz ou en engrais naturel.<\/h2>\n<h2 style=\"text-align: center;\"><strong>Les bornes seront utilisables d\u00e8s que les films plastique auront \u00e9t\u00e9 retir\u00e9s<\/strong>.<\/h2>\n<h2 style=\"text-align: center;\"><u>Comment \u00e7a fonctionne ?<\/u><\/h2>\n<h2 style=\"text-align: center;\">Pour faciliter cette nouvelle pratique, des<strong> bioseaux accompagn\u00e9s de d\u00e9pliants explicatifs vous sont remis gratuitement en mairie<\/strong>, sur pr\u00e9sentation d\u2019un justificatif de domicile.<\/h2>\n<h2 style=\"text-align: center;\">Une fois \u00e9quip\u00e9, il vous suffit de d\u00e9poser <strong>vos restes de cuisine et de repas (y compris les d\u00e9chets carn\u00e9s et les produits de la mer<\/strong>) dans les bornes pr\u00e9vues \u00e0 cet effet.<\/h2>\n<h2 style=\"text-align: center;\">Afin de garantir leur propret\u00e9, les bornes et les bacs sont nettoy\u00e9s \u00e0 chaque collecte.<\/h2>\n<h2 style=\"text-align: center;\"><u>Communes concern\u00e9es<\/u><\/h2>\n<h2 style=\"text-align: center;\">Cette nouvelle collecte est mise en place sur les communes d\u2019Aiglun, Le Chaffaut-Saint-Jurson, Ch\u00e2teau-Arnoux-Saint-Auban, Digne-les-Bains, L\u2019Escale, Les M\u00e9es, Malijai, Mallemoisson, Peyruis et Volonne.<\/h2>\n<h2 style=\"text-align: center;\">Plus d\u2019informations sur le site de Provence Alpes Agglom\u00e9ration : <a href=\"https:\/\/www.provencealpesagglo.fr\/collecte-des-restes-alimentaires\/\">https:\/\/www.provencealpesagglo.fr\/collecte-des-restes-alimentaires\/<\/a><\/h2>\n<h2 style=\"text-align: center;\">\ud83c\udf0d Trier mieux, jeter moins : notre nouvelle nature !<\/h2>\n","protected":false},"excerpt":{"rendered":"<p>Nouvelle collecte des restes alimentaires : c\u2019est parti ! \u00c0 partir du mardi 30 septembre, une nouvelle \u00e9tape s\u2019ouvre dans la gestion des d\u00e9chets sur notre territoire : la mise en place de la collecte des restes alimentaires. Cette initiative, d\u00e9ploy\u00e9e dans plusieurs communes de l\u2019agglom\u00e9ration, a pour objectif de r\u00e9duire le volume des ordures [&#8230;]<\/p>\n","protected":false},"author":9,"featured_media":14222,"comment_status":"closed","ping_status":"open","sticky":false,"template":"","format":"standard","meta":{"_EventAllDay":false,"_EventTimezone":"","_EventStartDate":"","_EventEndDate":"","_EventStartDateUTC":"","_EventEndDateUTC":"","_EventShowMap":false,"_EventShowMapLink":false,"_EventURL":"","_EventCost":"","_EventCostDescription":"","_EventCurrencySymbol":"","_EventCurrencyCode":"","_EventCurrencyPosition":"","_EventDateTimeSeparator":"","_EventTimeRangeSeparator":"","_EventOrganizerID":[],"_EventVenueID":[],"_OrganizerEmail":"","_OrganizerPhone":"","_OrganizerWebsite":"","_VenueAddress":"","_VenueCity":"","_VenueCountry":"","_VenueProvince":"","_VenueState":"","_VenueZip":"","_VenuePhone":"","_VenueURL":"","_VenueStateProvince":"","_VenueLat":"","_VenueLng":"","_VenueShowMap":false,"_VenueShowMapLink":false,"jetpack_post_was_ever_published":false,"_jetpack_newsletter_access":"","_jetpack_dont_email_post_to_subs":false,"_jetpack_newsletter_tier_id":0,"_jetpack_memberships_contains_paywalled_content":false,"_jetpack_memberships_contains_paid_content":false,"footnotes":"","jetpack_publicize_message":"","jetpack_publicize_feature_enabled":true,"jetpack_social_post_already_shared":true,"jetpack_social_options":{"image_generator_settings":{"template":"highway","default_image_id":0,"font":"","enabled":false},"version":2}},"categories":[3],"tags":[],"class_list":["post-14221","post","type-post","status-publish","format-standard","has-post-thumbnail","hentry","category-non-classe"],"jetpack_publicize_connections":[],"jetpack_featured_media_url":"https:\/\/www.mairie-volonne.fr\/wp-content\/uploads\/2025\/10\/Publication-facebook-Lancement.png","jetpack_shortlink":"https:\/\/wp.me\/s6fN6B-14221","jetpack_sharing_enabled":true,"_links":{"self":[{"href":"https:\/\/www.mairie-volonne.fr\/index.php\/wp-json\/wp\/v2\/posts\/14221","targetHints":{"allow":["GET"]}}],"collection":[{"href":"https:\/\/www.mairie-volonne.fr\/index.php\/wp-json\/wp\/v2\/posts"}],"about":[{"href":"https:\/\/www.mairie-volonne.fr\/index.php\/wp-json\/wp\/v2\/types\/post"}],"author":[{"embeddable":true,"href":"https:\/\/www.mairie-volonne.fr\/index.php\/wp-json\/wp\/v2\/users\/9"}],"replies":[{"embeddable":true,"href":"https:\/\/www.mairie-volonne.fr\/index.php\/wp-json\/wp\/v2\/comments?post=14221"}],"version-history":[{"count":2,"href":"https:\/\/www.mairie-volonne.fr\/index.php\/wp-json\/wp\/v2\/posts\/14221\/revisions"}],"predecessor-version":[{"id":14224,"href":"https:\/\/www.mairie-volonne.fr\/index.php\/wp-json\/wp\/v2\/posts\/14221\/revisions\/14224"}],"wp:featuredmedia":[{"embeddable":true,"href":"https:\/\/www.mairie-volonne.fr\/index.php\/wp-json\/wp\/v2\/media\/14222"}],"wp:attachment":[{"href":"https:\/\/www.mairie-volonne.fr\/index.php\/wp-json\/wp\/v2\/media?parent=14221"}],"wp:term":[{"taxonomy":"category","embeddable":true,"href":"https:\/\/www.mairie-volonne.fr\/index.php\/wp-json\/wp\/v2\/categories?post=14221"},{"taxonomy":"post_tag","embeddable":true,"href":"https:\/\/www.mairie-volonne.fr\/index.php\/wp-json\/wp\/v2\/tags?post=14221"}],"curies":[{"name":"wp","href":"https:\/\/api.w.org\/{rel}","templated":true}]}}