{"id":14068,"date":"2025-07-10T09:02:27","date_gmt":"2025-07-10T07:02:27","guid":{"rendered":"https:\/\/www.mairie-volonne.fr\/?p=14068"},"modified":"2025-07-10T09:02:27","modified_gmt":"2025-07-10T07:02:27","slug":"sessions-numeriques-a-la-carte-de-lete-a-malijai","status":"publish","type":"post","link":"https:\/\/www.mairie-volonne.fr\/index.php\/2025\/07\/10\/sessions-numeriques-a-la-carte-de-lete-a-malijai\/","title":{"rendered":"Sessions num\u00e9riques \u00e0 la carte de l&rsquo;\u00e9t\u00e9 \u00e0 Malijai"},"content":{"rendered":"<div class=\"xdj266r x14z9mp xat24cr x1lziwak x1vvkbs x126k92a\">\n<h2 dir=\"auto\" style=\"text-align: center;\">Cet \u00e9t\u00e9, l&rsquo;espace num\u00e9rique de l&rsquo;espace collaboratif \u00e9quitable de Malijai renouvelle les sessions d\u2019accompagnement num\u00e9rique \u00e0 la carte, ouvertes \u00e0 tous, sans inscription.<\/h2>\n<\/div>\n<div dir=\"auto\"><span class=\"html-span xexx8yu xyri2b x18d9i69 x1c1uobl x1hl2dhg x16tdsg8 x1vvkbs x3nfvp2 x1j61x8r x1fcty0u xdj266r xat24cr xm2jcoa x1mpyi22 xxymvpz xlup9mm x1kky2od\"><img decoding=\"async\" class=\"xz74otr x15mokao x1ga7v0g x16uus16 xbiv7yw\" src=\"https:\/\/static.xx.fbcdn.net\/images\/emoji.php\/v9\/t7e\/1\/16\/1f4c5.png\" alt=\"\ud83d\udcc5\" width=\"16\" height=\"16\" \/><\/span> Du 7 juillet au 8 ao\u00fbt 2025 | les lundis, mercredis et jeudis, de 9h \u00e0 16h30<\/div>\n<div dir=\"auto\"><span class=\"html-span xexx8yu xyri2b x18d9i69 x1c1uobl x1hl2dhg x16tdsg8 x1vvkbs x3nfvp2 x1j61x8r x1fcty0u xdj266r xat24cr xm2jcoa x1mpyi22 xxymvpz xlup9mm x1kky2od\"><img decoding=\"async\" class=\"xz74otr x15mokao x1ga7v0g x16uus16 xbiv7yw\" src=\"https:\/\/static.xx.fbcdn.net\/images\/emoji.php\/v9\/t2d\/1\/16\/1f4cd.png\" alt=\"\ud83d\udccd\" width=\"16\" height=\"16\" \/><\/span> E.C.E Espace Collaboratif Equitable &#8211; 65 rue Micocouliers | 04350 Malijai<\/div>\n<div dir=\"auto\">Ces temps d&rsquo;accueil sont pens\u00e9s pour permettre aux usagers d\u2019\u00eatre accompagn\u00e9s selon leurs besoins, sur des sujets vari\u00e9s :<\/div>\n<div dir=\"auto\">\u2022 bases de l\u2019ordinateur<\/div>\n<div dir=\"auto\">\u2022 messagerie et d\u00e9marches en ligne<\/div>\n<div dir=\"auto\">\u2022 smartphone et applis<\/div>\n<div dir=\"auto\">\u2022 bureautique, cr\u00e9ation de CV\/lettres<\/div>\n<div dir=\"auto\">\u2022 outils comme Canva, Pix, Linux Mint<\/div>\n<div dir=\"auto\">\u2022 d\u00e9couverte de l\u2019intelligence artificielle&#8230;<\/div>\n<div class=\"x14z9mp xat24cr x1lziwak x1vvkbs xtlvy1s x126k92a\">\n<h2 dir=\"auto\" style=\"text-align: center;\"><span class=\"html-span xexx8yu xyri2b x18d9i69 x1c1uobl x1hl2dhg x16tdsg8 x1vvkbs x3nfvp2 x1j61x8r x1fcty0u xdj266r xat24cr xm2jcoa x1mpyi22 xxymvpz xlup9mm x1kky2od\"><img decoding=\"async\" class=\"xz74otr x15mokao x1ga7v0g x16uus16 xbiv7yw\" src=\"https:\/\/static.xx.fbcdn.net\/images\/emoji.php\/v9\/tfc\/1\/16\/1f7e2.png\" alt=\"\ud83d\udfe2\" width=\"16\" height=\"16\" \/><\/span> Acc\u00e8s libre, gratuit, sans rendez-vous.<\/h2>\n<\/div>\n","protected":false},"excerpt":{"rendered":"<p>Cet \u00e9t\u00e9, l&rsquo;espace num\u00e9rique de l&rsquo;espace collaboratif \u00e9quitable de Malijai renouvelle les sessions d\u2019accompagnement num\u00e9rique \u00e0 la carte, ouvertes \u00e0 tous, sans inscription. Du 7 juillet au 8 ao\u00fbt 2025 | les lundis, mercredis et jeudis, de 9h \u00e0 16h30 E.C.E Espace Collaboratif Equitable &#8211; 65 rue Micocouliers | 04350 Malijai Ces temps d&rsquo;accueil sont [&#8230;]<\/p>\n","protected":false},"author":9,"featured_media":14069,"comment_status":"closed","ping_status":"open","sticky":false,"template":"","format":"standard","meta":{"_EventAllDay":false,"_EventTimezone":"","_EventStartDate":"","_EventEndDate":"","_EventStartDateUTC":"","_EventEndDateUTC":"","_EventShowMap":false,"_EventShowMapLink":false,"_EventURL":"","_EventCost":"","_EventCostDescription":"","_EventCurrencySymbol":"","_EventCurrencyCode":"","_EventCurrencyPosition":"","_EventDateTimeSeparator":"","_EventTimeRangeSeparator":"","_EventOrganizerID":[],"_EventVenueID":[],"_OrganizerEmail":"","_OrganizerPhone":"","_OrganizerWebsite":"","_VenueAddress":"","_VenueCity":"","_VenueCountry":"","_VenueProvince":"","_VenueState":"","_VenueZip":"","_VenuePhone":"","_VenueURL":"","_VenueStateProvince":"","_VenueLat":"","_VenueLng":"","_VenueShowMap":false,"_VenueShowMapLink":false,"jetpack_post_was_ever_published":false,"_jetpack_newsletter_access":"","_jetpack_dont_email_post_to_subs":false,"_jetpack_newsletter_tier_id":0,"_jetpack_memberships_contains_paywalled_content":false,"_jetpack_memberships_contains_paid_content":false,"footnotes":"","jetpack_publicize_message":"","jetpack_publicize_feature_enabled":true,"jetpack_social_post_already_shared":true,"jetpack_social_options":{"image_generator_settings":{"template":"highway","default_image_id":0,"font":"","enabled":false},"version":2}},"categories":[3],"tags":[],"class_list":["post-14068","post","type-post","status-publish","format-standard","has-post-thumbnail","hentry","category-non-classe"],"jetpack_publicize_connections":[],"jetpack_featured_media_url":"https:\/\/www.mairie-volonne.fr\/wp-content\/uploads\/2025\/07\/Capture-decran-2025-07-10-085042.png","jetpack_shortlink":"https:\/\/wp.me\/p6fN6B-3EU","jetpack_sharing_enabled":true,"_links":{"self":[{"href":"https:\/\/www.mairie-volonne.fr\/index.php\/wp-json\/wp\/v2\/posts\/14068","targetHints":{"allow":["GET"]}}],"collection":[{"href":"https:\/\/www.mairie-volonne.fr\/index.php\/wp-json\/wp\/v2\/posts"}],"about":[{"href":"https:\/\/www.mairie-volonne.fr\/index.php\/wp-json\/wp\/v2\/types\/post"}],"author":[{"embeddable":true,"href":"https:\/\/www.mairie-volonne.fr\/index.php\/wp-json\/wp\/v2\/users\/9"}],"replies":[{"embeddable":true,"href":"https:\/\/www.mairie-volonne.fr\/index.php\/wp-json\/wp\/v2\/comments?post=14068"}],"version-history":[{"count":1,"href":"https:\/\/www.mairie-volonne.fr\/index.php\/wp-json\/wp\/v2\/posts\/14068\/revisions"}],"predecessor-version":[{"id":14070,"href":"https:\/\/www.mairie-volonne.fr\/index.php\/wp-json\/wp\/v2\/posts\/14068\/revisions\/14070"}],"wp:featuredmedia":[{"embeddable":true,"href":"https:\/\/www.mairie-volonne.fr\/index.php\/wp-json\/wp\/v2\/media\/14069"}],"wp:attachment":[{"href":"https:\/\/www.mairie-volonne.fr\/index.php\/wp-json\/wp\/v2\/media?parent=14068"}],"wp:term":[{"taxonomy":"category","embeddable":true,"href":"https:\/\/www.mairie-volonne.fr\/index.php\/wp-json\/wp\/v2\/categories?post=14068"},{"taxonomy":"post_tag","embeddable":true,"href":"https:\/\/www.mairie-volonne.fr\/index.php\/wp-json\/wp\/v2\/tags?post=14068"}],"curies":[{"name":"wp","href":"https:\/\/api.w.org\/{rel}","templated":true}]}}