{"id":14026,"date":"2025-06-27T07:35:09","date_gmt":"2025-06-27T05:35:09","guid":{"rendered":"https:\/\/www.mairie-volonne.fr\/?p=14026"},"modified":"2025-06-27T07:35:09","modified_gmt":"2025-06-27T05:35:09","slug":"vigilance-jaune-canicule","status":"publish","type":"post","link":"https:\/\/www.mairie-volonne.fr\/index.php\/2025\/06\/27\/vigilance-jaune-canicule\/","title":{"rendered":"VIGILANCE JAUNE : Canicule"},"content":{"rendered":"<div class=\"xdj266r x14z9mp xat24cr x1lziwak x1vvkbs x126k92a\">\n<h2 dir=\"auto\" style=\"text-align: center;\">VIGILANCE JAUNE : Canicule<\/h2>\n<\/div>\n<div dir=\"auto\">A partir d&rsquo;aujourd&rsquo;hui et pour ce week-end, les maximales seront comprises entre 36\u00b0C et 38\u00b0C.<\/div>\n<div dir=\"auto\">Les minimales augmenteront au fil des jours pour atteindre ce week-end 19\u00b0C \u00e0 22\u00b0C.<\/div>\n<div dir=\"auto\">Ces valeurs se situent au niveau des seuils de canicule, ce qui pourrait conduire \u00e0 une aggravation du niveau de vigilance dans les prochains jours.<\/div>\n<div class=\"x14z9mp xat24cr x1lziwak x1vvkbs xtlvy1s x126k92a\">\n<h2 dir=\"auto\" style=\"text-align: center;\">Ayez les bons reflexes :<\/h2>\n<h2 dir=\"auto\" style=\"text-align: center;\">&#8211; Pr\u00e9f\u00e9rez des activit\u00e9s sans effort,<\/h2>\n<h2 dir=\"auto\" style=\"text-align: center;\">&#8211; Buvez de l&rsquo;eau,<\/h2>\n<h2 dir=\"auto\" style=\"text-align: center;\">&#8211; Donnez et prenez des nouvelles de vos proches,<\/h2>\n<h2 dir=\"auto\" style=\"text-align: center;\">&#8211; Fermez les volets et fen\u00eatres le jour, a\u00e9rez la nuit.<\/h2>\n<\/div>\n","protected":false},"excerpt":{"rendered":"<p>VIGILANCE JAUNE : Canicule A partir d&rsquo;aujourd&rsquo;hui et pour ce week-end, les maximales seront comprises entre 36\u00b0C et 38\u00b0C. Les minimales augmenteront au fil des jours pour atteindre ce week-end 19\u00b0C \u00e0 22\u00b0C. Ces valeurs se situent au niveau des seuils de canicule, ce qui pourrait conduire \u00e0 une aggravation du niveau de vigilance dans [&#8230;]<\/p>\n","protected":false},"author":9,"featured_media":14027,"comment_status":"closed","ping_status":"open","sticky":false,"template":"","format":"standard","meta":{"_EventAllDay":false,"_EventTimezone":"","_EventStartDate":"","_EventEndDate":"","_EventStartDateUTC":"","_EventEndDateUTC":"","_EventShowMap":false,"_EventShowMapLink":false,"_EventURL":"","_EventCost":"","_EventCostDescription":"","_EventCurrencySymbol":"","_EventCurrencyCode":"","_EventCurrencyPosition":"","_EventDateTimeSeparator":"","_EventTimeRangeSeparator":"","_EventOrganizerID":[],"_EventVenueID":[],"_OrganizerEmail":"","_OrganizerPhone":"","_OrganizerWebsite":"","_VenueAddress":"","_VenueCity":"","_VenueCountry":"","_VenueProvince":"","_VenueState":"","_VenueZip":"","_VenuePhone":"","_VenueURL":"","_VenueStateProvince":"","_VenueLat":"","_VenueLng":"","_VenueShowMap":false,"_VenueShowMapLink":false,"jetpack_post_was_ever_published":false,"_jetpack_newsletter_access":"","_jetpack_dont_email_post_to_subs":false,"_jetpack_newsletter_tier_id":0,"_jetpack_memberships_contains_paywalled_content":false,"_jetpack_memberships_contains_paid_content":false,"footnotes":"","jetpack_publicize_message":"","jetpack_publicize_feature_enabled":true,"jetpack_social_post_already_shared":true,"jetpack_social_options":{"image_generator_settings":{"template":"highway","default_image_id":0,"font":"","enabled":false},"version":2}},"categories":[3],"tags":[],"class_list":["post-14026","post","type-post","status-publish","format-standard","has-post-thumbnail","hentry","category-non-classe"],"jetpack_publicize_connections":[],"jetpack_featured_media_url":"https:\/\/www.mairie-volonne.fr\/wp-content\/uploads\/2025\/06\/Alerte-canicule-.png","jetpack_shortlink":"https:\/\/wp.me\/p6fN6B-3Ee","jetpack_sharing_enabled":true,"_links":{"self":[{"href":"https:\/\/www.mairie-volonne.fr\/index.php\/wp-json\/wp\/v2\/posts\/14026","targetHints":{"allow":["GET"]}}],"collection":[{"href":"https:\/\/www.mairie-volonne.fr\/index.php\/wp-json\/wp\/v2\/posts"}],"about":[{"href":"https:\/\/www.mairie-volonne.fr\/index.php\/wp-json\/wp\/v2\/types\/post"}],"author":[{"embeddable":true,"href":"https:\/\/www.mairie-volonne.fr\/index.php\/wp-json\/wp\/v2\/users\/9"}],"replies":[{"embeddable":true,"href":"https:\/\/www.mairie-volonne.fr\/index.php\/wp-json\/wp\/v2\/comments?post=14026"}],"version-history":[{"count":1,"href":"https:\/\/www.mairie-volonne.fr\/index.php\/wp-json\/wp\/v2\/posts\/14026\/revisions"}],"predecessor-version":[{"id":14028,"href":"https:\/\/www.mairie-volonne.fr\/index.php\/wp-json\/wp\/v2\/posts\/14026\/revisions\/14028"}],"wp:featuredmedia":[{"embeddable":true,"href":"https:\/\/www.mairie-volonne.fr\/index.php\/wp-json\/wp\/v2\/media\/14027"}],"wp:attachment":[{"href":"https:\/\/www.mairie-volonne.fr\/index.php\/wp-json\/wp\/v2\/media?parent=14026"}],"wp:term":[{"taxonomy":"category","embeddable":true,"href":"https:\/\/www.mairie-volonne.fr\/index.php\/wp-json\/wp\/v2\/categories?post=14026"},{"taxonomy":"post_tag","embeddable":true,"href":"https:\/\/www.mairie-volonne.fr\/index.php\/wp-json\/wp\/v2\/tags?post=14026"}],"curies":[{"name":"wp","href":"https:\/\/api.w.org\/{rel}","templated":true}]}}