{"id":13808,"date":"2025-04-04T10:30:37","date_gmt":"2025-04-04T08:30:37","guid":{"rendered":"https:\/\/www.mairie-volonne.fr\/?p=13808"},"modified":"2025-04-04T11:41:39","modified_gmt":"2025-04-04T09:41:39","slug":"nettoyons-le-sud-samedi-26-avril-2025","status":"publish","type":"post","link":"https:\/\/www.mairie-volonne.fr\/index.php\/2025\/04\/04\/nettoyons-le-sud-samedi-26-avril-2025\/","title":{"rendered":"Nettoyons le Sud samedi 26 avril 2025"},"content":{"rendered":"<h2 class=\"cvGsUA direction-ltr align-center para-style-body\" style=\"text-align: center;\"><span class=\"OYPEnA font-feature-liga-off font-feature-clig-off font-feature-calt-off text-decoration-none text-strikethrough-none\">La commune de Volonne participe \u00e0 l&rsquo;op\u00e9ration<\/span><\/h2>\n<h2 class=\"cvGsUA direction-ltr align-center para-style-body\" style=\"text-align: center;\"><span class=\"OYPEnA font-feature-liga-off font-feature-clig-off font-feature-calt-off text-decoration-none text-strikethrough-none\">\u00ab\u00a0Nettoyons le Sud 2025\u00a0\u00bb !<\/span><\/h2>\n<h2 class=\"cvGsUA direction-ltr align-center para-style-body\" style=\"text-align: center;\"><\/h2>\n<h2 class=\"cvGsUA direction-ltr align-center para-style-body\" style=\"text-align: center;\"><span class=\"OYPEnA font-feature-liga-off font-feature-clig-off font-feature-calt-off text-decoration-none text-strikethrough-none\">Nous vous donnons rendez-vous \u00e0 l&rsquo;Espace Perona d\u00e8s 10h pour une matin\u00e9e de nettoyage et de convivialit\u00e9.<\/span><\/h2>\n<h2 style=\"text-align: center;\">Volonne Paddle propose d accueillir sur sa base nautique des personnes d\u00e9sirant nettoyer les berges de la Durance \u00e0 bord de cano\u00eb. Contact t\u00e9l\u00e9phonique au : 06 65 54 86 28<\/h2>\n<h2 class=\"cvGsUA direction-ltr align-center para-style-body\" style=\"text-align: center;\"><span class=\"OYPEnA font-feature-liga-off font-feature-clig-off font-feature-calt-off text-decoration-none text-strikethrough-none\">Apr\u00e8s le ramassage, un pot de l&rsquo;amiti\u00e9 sera servi pour remercier tous les participants.<\/span><\/h2>\n<h2 class=\"cvGsUA direction-ltr align-center para-style-body\" style=\"text-align: center;\"><span class=\"OYPEnA font-feature-liga-off font-feature-clig-off font-feature-calt-off text-decoration-none text-strikethrough-none\">Venez nombreux pour contribuer \u00e0 la propret\u00e9 de notre beau village en vous inscrivant sur :\u00a0<\/span><\/h2>\n<h1 style=\"text-align: center;\"><a href=\"https:\/\/nettoyons.maregionsud.fr\/inscriptions-2025\">https:\/\/nettoyons.maregionsud.fr\/inscriptions-2025<\/a><\/h1>\n","protected":false},"excerpt":{"rendered":"<p>La commune de Volonne participe \u00e0 l&rsquo;op\u00e9ration \u00ab\u00a0Nettoyons le Sud 2025\u00a0\u00bb ! Nous vous donnons rendez-vous \u00e0 l&rsquo;Espace Perona d\u00e8s 10h pour une matin\u00e9e de nettoyage et de convivialit\u00e9. Volonne Paddle propose d accueillir sur sa base nautique des personnes d\u00e9sirant nettoyer les berges de la Durance \u00e0 bord de cano\u00eb. Contact t\u00e9l\u00e9phonique au : [&#8230;]<\/p>\n","protected":false},"author":9,"featured_media":13809,"comment_status":"closed","ping_status":"open","sticky":false,"template":"","format":"standard","meta":{"_EventAllDay":false,"_EventTimezone":"","_EventStartDate":"","_EventEndDate":"","_EventStartDateUTC":"","_EventEndDateUTC":"","_EventShowMap":false,"_EventShowMapLink":false,"_EventURL":"","_EventCost":"","_EventCostDescription":"","_EventCurrencySymbol":"","_EventCurrencyCode":"","_EventCurrencyPosition":"","_EventDateTimeSeparator":"","_EventTimeRangeSeparator":"","_EventOrganizerID":[],"_EventVenueID":[],"_OrganizerEmail":"","_OrganizerPhone":"","_OrganizerWebsite":"","_VenueAddress":"","_VenueCity":"","_VenueCountry":"","_VenueProvince":"","_VenueState":"","_VenueZip":"","_VenuePhone":"","_VenueURL":"","_VenueStateProvince":"","_VenueLat":"","_VenueLng":"","_VenueShowMap":false,"_VenueShowMapLink":false,"jetpack_post_was_ever_published":false,"_jetpack_newsletter_access":"","_jetpack_dont_email_post_to_subs":false,"_jetpack_newsletter_tier_id":0,"_jetpack_memberships_contains_paywalled_content":false,"_jetpack_memberships_contains_paid_content":false,"footnotes":"","jetpack_publicize_message":"","jetpack_publicize_feature_enabled":true,"jetpack_social_post_already_shared":true,"jetpack_social_options":{"image_generator_settings":{"template":"highway","default_image_id":0,"font":"","enabled":false},"version":2}},"categories":[3],"tags":[],"class_list":["post-13808","post","type-post","status-publish","format-standard","has-post-thumbnail","hentry","category-non-classe"],"jetpack_publicize_connections":[],"jetpack_featured_media_url":"https:\/\/www.mairie-volonne.fr\/wp-content\/uploads\/2025\/04\/Votre-texte-de-paragraphe.png","jetpack_shortlink":"https:\/\/wp.me\/p6fN6B-3AI","jetpack_sharing_enabled":true,"_links":{"self":[{"href":"https:\/\/www.mairie-volonne.fr\/index.php\/wp-json\/wp\/v2\/posts\/13808","targetHints":{"allow":["GET"]}}],"collection":[{"href":"https:\/\/www.mairie-volonne.fr\/index.php\/wp-json\/wp\/v2\/posts"}],"about":[{"href":"https:\/\/www.mairie-volonne.fr\/index.php\/wp-json\/wp\/v2\/types\/post"}],"author":[{"embeddable":true,"href":"https:\/\/www.mairie-volonne.fr\/index.php\/wp-json\/wp\/v2\/users\/9"}],"replies":[{"embeddable":true,"href":"https:\/\/www.mairie-volonne.fr\/index.php\/wp-json\/wp\/v2\/comments?post=13808"}],"version-history":[{"count":2,"href":"https:\/\/www.mairie-volonne.fr\/index.php\/wp-json\/wp\/v2\/posts\/13808\/revisions"}],"predecessor-version":[{"id":13811,"href":"https:\/\/www.mairie-volonne.fr\/index.php\/wp-json\/wp\/v2\/posts\/13808\/revisions\/13811"}],"wp:featuredmedia":[{"embeddable":true,"href":"https:\/\/www.mairie-volonne.fr\/index.php\/wp-json\/wp\/v2\/media\/13809"}],"wp:attachment":[{"href":"https:\/\/www.mairie-volonne.fr\/index.php\/wp-json\/wp\/v2\/media?parent=13808"}],"wp:term":[{"taxonomy":"category","embeddable":true,"href":"https:\/\/www.mairie-volonne.fr\/index.php\/wp-json\/wp\/v2\/categories?post=13808"},{"taxonomy":"post_tag","embeddable":true,"href":"https:\/\/www.mairie-volonne.fr\/index.php\/wp-json\/wp\/v2\/tags?post=13808"}],"curies":[{"name":"wp","href":"https:\/\/api.w.org\/{rel}","templated":true}]}}