{"id":13710,"date":"2025-03-10T12:06:28","date_gmt":"2025-03-10T11:06:28","guid":{"rendered":"https:\/\/www.mairie-volonne.fr\/?p=13710"},"modified":"2025-03-10T12:06:28","modified_gmt":"2025-03-10T11:06:28","slug":"journee-africaine","status":"publish","type":"post","link":"https:\/\/www.mairie-volonne.fr\/index.php\/2025\/03\/10\/journee-africaine\/","title":{"rendered":"Journ\u00e9e Africaine"},"content":{"rendered":"<h1 style=\"text-align: center;\">L&rsquo;association Monts et Tam Tam vous invite \u00e0 une journ\u00e9e africaine le\u00a0<strong>samedi 26 avril<\/strong>\u00a0\u00e0 l&rsquo;<strong>Espace Notre Dame<\/strong> \u00e0 Volonne.<\/h1>\n<h1 style=\"text-align: center;\"><strong>R\u00e9servation obligatoire avant le 20 avril<\/strong>\u00a0au\u00a0<strong>06 76 68 23 62<\/strong>.<\/h1>\n<h1 style=\"text-align: center;\">Nous vous attendons nombreux pour partager cette belle journ\u00e9e !<\/h1>\n","protected":false},"excerpt":{"rendered":"<p>L&rsquo;association Monts et Tam Tam vous invite \u00e0 une journ\u00e9e africaine le\u00a0samedi 26 avril\u00a0\u00e0 l&rsquo;Espace Notre Dame \u00e0 Volonne. R\u00e9servation obligatoire avant le 20 avril\u00a0au\u00a006 76 68 23 62. Nous vous attendons nombreux pour partager cette belle journ\u00e9e !<\/p>\n","protected":false},"author":9,"featured_media":13711,"comment_status":"closed","ping_status":"open","sticky":false,"template":"","format":"standard","meta":{"_EventAllDay":false,"_EventTimezone":"","_EventStartDate":"","_EventEndDate":"","_EventStartDateUTC":"","_EventEndDateUTC":"","_EventShowMap":false,"_EventShowMapLink":false,"_EventURL":"","_EventCost":"","_EventCostDescription":"","_EventCurrencySymbol":"","_EventCurrencyCode":"","_EventCurrencyPosition":"","_EventDateTimeSeparator":"","_EventTimeRangeSeparator":"","_EventOrganizerID":[],"_EventVenueID":[],"_OrganizerEmail":"","_OrganizerPhone":"","_OrganizerWebsite":"","_VenueAddress":"","_VenueCity":"","_VenueCountry":"","_VenueProvince":"","_VenueState":"","_VenueZip":"","_VenuePhone":"","_VenueURL":"","_VenueStateProvince":"","_VenueLat":"","_VenueLng":"","_VenueShowMap":false,"_VenueShowMapLink":false,"jetpack_post_was_ever_published":false,"_jetpack_newsletter_access":"","_jetpack_dont_email_post_to_subs":false,"_jetpack_newsletter_tier_id":0,"_jetpack_memberships_contains_paywalled_content":false,"_jetpack_memberships_contains_paid_content":false,"footnotes":"","jetpack_publicize_message":"","jetpack_publicize_feature_enabled":true,"jetpack_social_post_already_shared":true,"jetpack_social_options":{"image_generator_settings":{"template":"highway","default_image_id":0,"font":"","enabled":false},"version":2}},"categories":[3],"tags":[],"class_list":["post-13710","post","type-post","status-publish","format-standard","has-post-thumbnail","hentry","category-non-classe"],"jetpack_publicize_connections":[],"jetpack_featured_media_url":"https:\/\/www.mairie-volonne.fr\/wp-content\/uploads\/2025\/03\/TAM-TAM.jpg","jetpack_shortlink":"https:\/\/wp.me\/p6fN6B-3z8","jetpack_sharing_enabled":true,"_links":{"self":[{"href":"https:\/\/www.mairie-volonne.fr\/index.php\/wp-json\/wp\/v2\/posts\/13710","targetHints":{"allow":["GET"]}}],"collection":[{"href":"https:\/\/www.mairie-volonne.fr\/index.php\/wp-json\/wp\/v2\/posts"}],"about":[{"href":"https:\/\/www.mairie-volonne.fr\/index.php\/wp-json\/wp\/v2\/types\/post"}],"author":[{"embeddable":true,"href":"https:\/\/www.mairie-volonne.fr\/index.php\/wp-json\/wp\/v2\/users\/9"}],"replies":[{"embeddable":true,"href":"https:\/\/www.mairie-volonne.fr\/index.php\/wp-json\/wp\/v2\/comments?post=13710"}],"version-history":[{"count":1,"href":"https:\/\/www.mairie-volonne.fr\/index.php\/wp-json\/wp\/v2\/posts\/13710\/revisions"}],"predecessor-version":[{"id":13712,"href":"https:\/\/www.mairie-volonne.fr\/index.php\/wp-json\/wp\/v2\/posts\/13710\/revisions\/13712"}],"wp:featuredmedia":[{"embeddable":true,"href":"https:\/\/www.mairie-volonne.fr\/index.php\/wp-json\/wp\/v2\/media\/13711"}],"wp:attachment":[{"href":"https:\/\/www.mairie-volonne.fr\/index.php\/wp-json\/wp\/v2\/media?parent=13710"}],"wp:term":[{"taxonomy":"category","embeddable":true,"href":"https:\/\/www.mairie-volonne.fr\/index.php\/wp-json\/wp\/v2\/categories?post=13710"},{"taxonomy":"post_tag","embeddable":true,"href":"https:\/\/www.mairie-volonne.fr\/index.php\/wp-json\/wp\/v2\/tags?post=13710"}],"curies":[{"name":"wp","href":"https:\/\/api.w.org\/{rel}","templated":true}]}}