{"id":13683,"date":"2025-03-06T08:25:53","date_gmt":"2025-03-06T07:25:53","guid":{"rendered":"https:\/\/www.mairie-volonne.fr\/?p=13683"},"modified":"2025-03-06T08:25:53","modified_gmt":"2025-03-06T07:25:53","slug":"conseil-municipal-10-mars-2025","status":"publish","type":"post","link":"https:\/\/www.mairie-volonne.fr\/index.php\/2025\/03\/06\/conseil-municipal-10-mars-2025\/","title":{"rendered":"Conseil Municipal 10 Mars 2025"},"content":{"rendered":"<h3 style=\"text-align: center;\"><span style=\"color: #000000;\">Nous avons le plaisir de vous informer qu\u2019un conseil municipal se tiendra le\u00a0<strong>lundi 10 mars \u00e0 17h45<\/strong>\u00a0en salle du conseil. <\/span><\/h3>\n<h3 style=\"text-align: center;\"><span style=\"color: #000000;\">Cette r\u00e9union est ouverte \u00e0 tous les citoyens. <\/span><\/h3>\n<h3 style=\"text-align: center;\"><span style=\"color: #000000;\">Venez nombreux pour participer aux discussions et vous tenir inform\u00e9s des d\u00e9cisions importantes pour notre commune.<\/span><\/h3>\n<p>&nbsp;<\/p>\n<h2 style=\"text-align: center;\"><span style=\"color: #000000;\"><strong>Ordre du jour\u00a0\u00a0<\/strong><\/span><\/h2>\n<h2><span style=\"color: #000000;\"><strong>1 &#8211; Administration G\u00e9n\u00e9rale :<\/strong><\/span><\/h2>\n<h4><span style=\"color: #000000;\">a. R\u00e9gie de recettes \u00ab Voyage des s\u00e9niors \u00bb : suppression<\/span><\/h4>\n<h4><span style=\"color: #000000;\">b. Terrain de tennis\/pickleball : modalit\u00e9s d\u2019utilisation &#8211; modification de la r\u00e9gie de recettes \u00ab droit de place \u00bb<\/span><\/h4>\n<h4><span style=\"color: #000000;\">c. Mise \u00e0 disposition \u00e0 l\u2019association Volonne Initiatives de la salle situ\u00e9e \u00e0 l\u2019\u00e9tage de la salle polyvalente et de la remise rue Etroite &#8211; conventions<\/span><\/h4>\n<h4><span style=\"color: #000000;\">d. Urbanisme \u2013 PUP centre ancien : suppression \u2013 application des dispositions du code de l\u2019urbanisme art L332-15<\/span><\/h4>\n<h4><span style=\"color: #000000;\">e. Foncier : acquisition aupr\u00e8s de Habitations de Haute Provence de la bande de parcelle n\u00e9cessaire \u00e0 l\u2019emprise du chemin Jean Signoret<\/span><\/h4>\n<h2><\/h2>\n<h2><span style=\"color: #000000;\"><strong>2- Finances :<\/strong><\/span><\/h2>\n<h4><span style=\"color: #000000;\">f. Op\u00e9ration de R\u00e9sorption de l\u2019Habitat Indigne : demande d\u2019\u00e9ligibilit\u00e9 et de financement des \u00e9tudes de calibrage<\/span><\/h4>\n<h4><span style=\"color: #000000;\">g. Dispositif \u00ab Territoire d\u2019Engagement \u00bb : convention de financement avec l\u2019ANCT<\/span><\/h4>\n<h4><span style=\"color: #000000;\">h. SMSMDE \u2013 convention de co-financement \u00ab Travaux Telecom 2022 \u2013 carrefour F\u00e9muy \u00bb<\/span><\/h4>\n<h2><span style=\"color: #000000;\"><strong>\u00a0<\/strong><\/span><\/h2>\n<h2><span style=\"color: #000000;\">\u00a0\u00a0<\/span><span style=\"color: #000000;\"><strong>Informations :<\/strong><\/span><strong style=\"color: #000000; font-size: 16px;\">\u00a0<\/strong><\/h2>\n<ul>\n<li>\n<h4><span style=\"color: #000000;\">Mise en place des OLD\u00a0: entreprise retenue \u2013 2 dossiers de demande de subventions d\u00e9pos\u00e9s<\/span><\/h4>\n<\/li>\n<li>\n<h4><span style=\"color: #000000;\">Fondation du patrimoine\u00a0: lancement d\u2019une souscription pour la balade autour de la Tour de Guet<\/span><\/h4>\n<\/li>\n<li>\n<h4><span style=\"color: #000000;\">\u00ab\u00a0New European Boost\u00a0\u00bb\u00a0: candidature de la Commune \u2013 projet renaturation de la cour Ecole Maternelle<\/span><\/h4>\n<\/li>\n<li>\n<h4><span style=\"color: #000000;\">Artisan de la m\u00e9moire<\/span><\/h4>\n<\/li>\n<li>\n<h4><span style=\"color: #000000;\">Appel \u00e0 projet \u00ab\u00a0Ecominero\u00a0\u00bb\u00a0: financement mission r\u00e9emploi projet REEV<\/span><\/h4>\n<\/li>\n<li>\n<h4><span style=\"color: #000000;\">Appel \u00e0 projet \u00ab\u00a0DBD\u00a0\u00bb ACTEE\u00a0: financement accompagnement mission BDM projet REEV<\/span><\/h4>\n<\/li>\n<\/ul>\n","protected":false},"excerpt":{"rendered":"<p>Nous avons le plaisir de vous informer qu\u2019un conseil municipal se tiendra le\u00a0lundi 10 mars \u00e0 17h45\u00a0en salle du conseil. Cette r\u00e9union est ouverte \u00e0 tous les citoyens. Venez nombreux pour participer aux discussions et vous tenir inform\u00e9s des d\u00e9cisions importantes pour notre commune. &nbsp; Ordre du jour\u00a0\u00a0 1 &#8211; Administration G\u00e9n\u00e9rale : a. R\u00e9gie [&#8230;]<\/p>\n","protected":false},"author":9,"featured_media":13688,"comment_status":"closed","ping_status":"open","sticky":false,"template":"","format":"standard","meta":{"_EventAllDay":false,"_EventTimezone":"","_EventStartDate":"","_EventEndDate":"","_EventStartDateUTC":"","_EventEndDateUTC":"","_EventShowMap":false,"_EventShowMapLink":false,"_EventURL":"","_EventCost":"","_EventCostDescription":"","_EventCurrencySymbol":"","_EventCurrencyCode":"","_EventCurrencyPosition":"","_EventDateTimeSeparator":"","_EventTimeRangeSeparator":"","_EventOrganizerID":[],"_EventVenueID":[],"_OrganizerEmail":"","_OrganizerPhone":"","_OrganizerWebsite":"","_VenueAddress":"","_VenueCity":"","_VenueCountry":"","_VenueProvince":"","_VenueState":"","_VenueZip":"","_VenuePhone":"","_VenueURL":"","_VenueStateProvince":"","_VenueLat":"","_VenueLng":"","_VenueShowMap":false,"_VenueShowMapLink":false,"jetpack_post_was_ever_published":false,"_jetpack_newsletter_access":"","_jetpack_dont_email_post_to_subs":false,"_jetpack_newsletter_tier_id":0,"_jetpack_memberships_contains_paywalled_content":false,"_jetpack_memberships_contains_paid_content":false,"footnotes":"","jetpack_publicize_message":"","jetpack_publicize_feature_enabled":true,"jetpack_social_post_already_shared":true,"jetpack_social_options":{"image_generator_settings":{"template":"highway","default_image_id":0,"font":"","enabled":false},"version":2}},"categories":[3],"tags":[],"class_list":["post-13683","post","type-post","status-publish","format-standard","has-post-thumbnail","hentry","category-non-classe"],"jetpack_publicize_connections":[],"jetpack_featured_media_url":"https:\/\/www.mairie-volonne.fr\/wp-content\/uploads\/2025\/03\/Blue-Yellow-Illustration-Meeting-Invitation-Virtual-Invitation.png","jetpack_shortlink":"https:\/\/wp.me\/p6fN6B-3yH","jetpack_sharing_enabled":true,"_links":{"self":[{"href":"https:\/\/www.mairie-volonne.fr\/index.php\/wp-json\/wp\/v2\/posts\/13683","targetHints":{"allow":["GET"]}}],"collection":[{"href":"https:\/\/www.mairie-volonne.fr\/index.php\/wp-json\/wp\/v2\/posts"}],"about":[{"href":"https:\/\/www.mairie-volonne.fr\/index.php\/wp-json\/wp\/v2\/types\/post"}],"author":[{"embeddable":true,"href":"https:\/\/www.mairie-volonne.fr\/index.php\/wp-json\/wp\/v2\/users\/9"}],"replies":[{"embeddable":true,"href":"https:\/\/www.mairie-volonne.fr\/index.php\/wp-json\/wp\/v2\/comments?post=13683"}],"version-history":[{"count":4,"href":"https:\/\/www.mairie-volonne.fr\/index.php\/wp-json\/wp\/v2\/posts\/13683\/revisions"}],"predecessor-version":[{"id":13687,"href":"https:\/\/www.mairie-volonne.fr\/index.php\/wp-json\/wp\/v2\/posts\/13683\/revisions\/13687"}],"wp:featuredmedia":[{"embeddable":true,"href":"https:\/\/www.mairie-volonne.fr\/index.php\/wp-json\/wp\/v2\/media\/13688"}],"wp:attachment":[{"href":"https:\/\/www.mairie-volonne.fr\/index.php\/wp-json\/wp\/v2\/media?parent=13683"}],"wp:term":[{"taxonomy":"category","embeddable":true,"href":"https:\/\/www.mairie-volonne.fr\/index.php\/wp-json\/wp\/v2\/categories?post=13683"},{"taxonomy":"post_tag","embeddable":true,"href":"https:\/\/www.mairie-volonne.fr\/index.php\/wp-json\/wp\/v2\/tags?post=13683"}],"curies":[{"name":"wp","href":"https:\/\/api.w.org\/{rel}","templated":true}]}}