{"id":13549,"date":"2025-01-13T15:18:29","date_gmt":"2025-01-13T14:18:29","guid":{"rendered":"https:\/\/www.mairie-volonne.fr\/?p=13549"},"modified":"2025-01-13T15:22:55","modified_gmt":"2025-01-13T14:22:55","slug":"sessions-de-sensibilisation-aux-trajectoires-de-securite","status":"publish","type":"post","link":"https:\/\/www.mairie-volonne.fr\/index.php\/2025\/01\/13\/sessions-de-sensibilisation-aux-trajectoires-de-securite\/","title":{"rendered":"Sessions de sensibilisation aux trajectoires de s\u00e9curit\u00e9"},"content":{"rendered":"<div class=\"xdj266r x11i5rnm xat24cr x1mh8g0r x1vvkbs x126k92a\">\n<h2 dir=\"auto\" style=\"text-align: center;\">La Pr\u00e9fecture des Alpes de Haute-Provence vous invite \u00e0 participer \u00e0 six sessions de sensibilisation aux trajectoires de s\u00e9curit\u00e9.<\/h2>\n<\/div>\n<div dir=\"auto\">Dates :<\/div>\n<div dir=\"auto\">22 mars 2025<\/div>\n<div dir=\"auto\">20 avril 2025<\/div>\n<div dir=\"auto\">14 juin 2025<\/div>\n<div class=\"x11i5rnm xat24cr x1mh8g0r x1vvkbs xtlvy1s x126k92a\">\n<h2 dir=\"auto\" style=\"text-align: center;\">Les places sont limit\u00e9es, alors ne tardez pas \u00e0 vous pr\u00e9-inscrire d\u00e8s maintenant \u00e0 l&rsquo;adresse suivante : <span class=\"html-span xdj266r x11i5rnm xat24cr x1mh8g0r xexx8yu x4uap5 x18d9i69 xkhd6sd x1hl2dhg x16tdsg8 x1vvkbs\"><a class=\"x1i10hfl xjbqb8w x1ejq31n xd10rxx x1sy0etr x17r0tee x972fbf xcfux6l x1qhh985 xm0m39n x9f619 x1ypdohk xt0psk2 xe8uvvx xdj266r x11i5rnm xat24cr x1mh8g0r xexx8yu x4uap5 x18d9i69 xkhd6sd x16tdsg8 x1hl2dhg xggy1nq x1a2a7pz x1sur9pj xkrqix3 x1fey0fg x1s688f\" tabindex=\"0\" role=\"link\" href=\"https:\/\/www.demarches-simplifiees.fr\/commencer\/pre-inscription?fbclid=IwZXh0bgNhZW0CMTAAAR1stdvV_ClHCo7gyTe3ztcC9F2sQifXTZ81TFqrptxS0bW2JF42Jj-TG3c_aem_CKlxs2uUNmbPrAmfq1mu6Q\" target=\"_blank\" rel=\"nofollow noopener noreferrer\">https:\/\/www.demarches-simplifiees.fr\/comm&#8230;\/pre-inscription<\/a><\/span><\/h2>\n<\/div>\n","protected":false},"excerpt":{"rendered":"<p>La Pr\u00e9fecture des Alpes de Haute-Provence vous invite \u00e0 participer \u00e0 six sessions de sensibilisation aux trajectoires de s\u00e9curit\u00e9. Dates : 22 mars 2025 20 avril 2025 14 juin 2025 Les places sont limit\u00e9es, alors ne tardez pas \u00e0 vous pr\u00e9-inscrire d\u00e8s maintenant \u00e0 l&rsquo;adresse suivante : https:\/\/www.demarches-simplifiees.fr\/comm&#8230;\/pre-inscription<\/p>\n","protected":false},"author":9,"featured_media":13550,"comment_status":"closed","ping_status":"open","sticky":false,"template":"","format":"standard","meta":{"_EventAllDay":false,"_EventTimezone":"","_EventStartDate":"","_EventEndDate":"","_EventStartDateUTC":"","_EventEndDateUTC":"","_EventShowMap":false,"_EventShowMapLink":false,"_EventURL":"","_EventCost":"","_EventCostDescription":"","_EventCurrencySymbol":"","_EventCurrencyCode":"","_EventCurrencyPosition":"","_EventDateTimeSeparator":"","_EventTimeRangeSeparator":"","_EventOrganizerID":[],"_EventVenueID":[],"_OrganizerEmail":"","_OrganizerPhone":"","_OrganizerWebsite":"","_VenueAddress":"","_VenueCity":"","_VenueCountry":"","_VenueProvince":"","_VenueState":"","_VenueZip":"","_VenuePhone":"","_VenueURL":"","_VenueStateProvince":"","_VenueLat":"","_VenueLng":"","_VenueShowMap":false,"_VenueShowMapLink":false,"jetpack_post_was_ever_published":false,"_jetpack_newsletter_access":"","_jetpack_dont_email_post_to_subs":false,"_jetpack_newsletter_tier_id":0,"_jetpack_memberships_contains_paywalled_content":false,"_jetpack_memberships_contains_paid_content":false,"footnotes":"","jetpack_publicize_message":"","jetpack_publicize_feature_enabled":true,"jetpack_social_post_already_shared":true,"jetpack_social_options":{"image_generator_settings":{"template":"highway","default_image_id":0,"font":"","enabled":false},"version":2}},"categories":[3],"tags":[],"class_list":["post-13549","post","type-post","status-publish","format-standard","has-post-thumbnail","hentry","category-non-classe"],"jetpack_publicize_connections":[],"jetpack_featured_media_url":"https:\/\/www.mairie-volonne.fr\/wp-content\/uploads\/2025\/01\/moto.jpg","jetpack_shortlink":"https:\/\/wp.me\/p6fN6B-3wx","jetpack_sharing_enabled":true,"_links":{"self":[{"href":"https:\/\/www.mairie-volonne.fr\/index.php\/wp-json\/wp\/v2\/posts\/13549","targetHints":{"allow":["GET"]}}],"collection":[{"href":"https:\/\/www.mairie-volonne.fr\/index.php\/wp-json\/wp\/v2\/posts"}],"about":[{"href":"https:\/\/www.mairie-volonne.fr\/index.php\/wp-json\/wp\/v2\/types\/post"}],"author":[{"embeddable":true,"href":"https:\/\/www.mairie-volonne.fr\/index.php\/wp-json\/wp\/v2\/users\/9"}],"replies":[{"embeddable":true,"href":"https:\/\/www.mairie-volonne.fr\/index.php\/wp-json\/wp\/v2\/comments?post=13549"}],"version-history":[{"count":1,"href":"https:\/\/www.mairie-volonne.fr\/index.php\/wp-json\/wp\/v2\/posts\/13549\/revisions"}],"predecessor-version":[{"id":13551,"href":"https:\/\/www.mairie-volonne.fr\/index.php\/wp-json\/wp\/v2\/posts\/13549\/revisions\/13551"}],"wp:featuredmedia":[{"embeddable":true,"href":"https:\/\/www.mairie-volonne.fr\/index.php\/wp-json\/wp\/v2\/media\/13550"}],"wp:attachment":[{"href":"https:\/\/www.mairie-volonne.fr\/index.php\/wp-json\/wp\/v2\/media?parent=13549"}],"wp:term":[{"taxonomy":"category","embeddable":true,"href":"https:\/\/www.mairie-volonne.fr\/index.php\/wp-json\/wp\/v2\/categories?post=13549"},{"taxonomy":"post_tag","embeddable":true,"href":"https:\/\/www.mairie-volonne.fr\/index.php\/wp-json\/wp\/v2\/tags?post=13549"}],"curies":[{"name":"wp","href":"https:\/\/api.w.org\/{rel}","templated":true}]}}