{"id":13511,"date":"2024-12-30T13:35:25","date_gmt":"2024-12-30T12:35:25","guid":{"rendered":"https:\/\/www.mairie-volonne.fr\/?p=13511"},"modified":"2024-12-30T13:35:25","modified_gmt":"2024-12-30T12:35:25","slug":"voeux-2025","status":"publish","type":"post","link":"https:\/\/www.mairie-volonne.fr\/index.php\/2024\/12\/30\/voeux-2025\/","title":{"rendered":"V\u0153ux 2025"},"content":{"rendered":"<h3>L&rsquo;\u00c9quipe a le plaisir de vous inviter \u00e0 la c\u00e9r\u00e9monie des v\u0153ux du maire qui se tiendra le samedi 4 janvier. Cette ann\u00e9e, les \u00e9lus innovent et vous proposent des visites guid\u00e9es pour d\u00e9couvrir les r\u00e9alisations effectu\u00e9es au village ainsi que les projets \u00e0 venir.<\/h3>\n<h3>Rendez-vous sur la place du ch\u00e2teau \u00e0 Volonne \u00e0 10h30 et 11h30 pour ces visites guid\u00e9es. \u00c0 midi, un ap\u00e9ritif convivial sera servi pour inaugurer cette nouvelle ann\u00e9e dans la joie et la bonne humeur.<\/h3>\n<h3>Ne manquez pas cette occasion unique de rencontrer vos \u00e9lus, de d\u00e9couvrir les avanc\u00e9es de notre village et de partager un moment chaleureux avec vos voisins.<\/h3>\n<h3>Nous vous attendons nombreux pour c\u00e9l\u00e9brer ensemble le d\u00e9but de cette nouvelle ann\u00e9e !<\/h3>\n<p>&nbsp;<\/p>\n<p><img decoding=\"async\" class=\"alignnone size-full wp-image-13513\" src=\"https:\/\/www.mairie-volonne.fr\/wp-content\/uploads\/2024\/12\/voeux-25-1.jpg\" alt=\"\" width=\"1326\" height=\"662\" srcset=\"https:\/\/www.mairie-volonne.fr\/wp-content\/uploads\/2024\/12\/voeux-25-1-200x100.jpg 200w, https:\/\/www.mairie-volonne.fr\/wp-content\/uploads\/2024\/12\/voeux-25-1-300x150.jpg 300w, https:\/\/www.mairie-volonne.fr\/wp-content\/uploads\/2024\/12\/voeux-25-1-400x200.jpg 400w, https:\/\/www.mairie-volonne.fr\/wp-content\/uploads\/2024\/12\/voeux-25-1-600x300.jpg 600w, https:\/\/www.mairie-volonne.fr\/wp-content\/uploads\/2024\/12\/voeux-25-1-768x383.jpg 768w, https:\/\/www.mairie-volonne.fr\/wp-content\/uploads\/2024\/12\/voeux-25-1-800x399.jpg 800w, https:\/\/www.mairie-volonne.fr\/wp-content\/uploads\/2024\/12\/voeux-25-1-1024x511.jpg 1024w, https:\/\/www.mairie-volonne.fr\/wp-content\/uploads\/2024\/12\/voeux-25-1-1200x599.jpg 1200w, https:\/\/www.mairie-volonne.fr\/wp-content\/uploads\/2024\/12\/voeux-25-1-1320x659.jpg 1320w, https:\/\/www.mairie-volonne.fr\/wp-content\/uploads\/2024\/12\/voeux-25-1.jpg 1326w\" sizes=\"(max-width: 1326px) 100vw, 1326px\" \/><\/p>\n","protected":false},"excerpt":{"rendered":"<p>L&rsquo;\u00c9quipe a le plaisir de vous inviter \u00e0 la c\u00e9r\u00e9monie des v\u0153ux du maire qui se tiendra le samedi 4 janvier. Cette ann\u00e9e, les \u00e9lus innovent et vous proposent des visites guid\u00e9es pour d\u00e9couvrir les r\u00e9alisations effectu\u00e9es au village ainsi que les projets \u00e0 venir. Rendez-vous sur la place du ch\u00e2teau \u00e0 Volonne \u00e0 10h30 [&#8230;]<\/p>\n","protected":false},"author":9,"featured_media":13513,"comment_status":"closed","ping_status":"open","sticky":false,"template":"","format":"standard","meta":{"_EventAllDay":false,"_EventTimezone":"","_EventStartDate":"","_EventEndDate":"","_EventStartDateUTC":"","_EventEndDateUTC":"","_EventShowMap":false,"_EventShowMapLink":false,"_EventURL":"","_EventCost":"","_EventCostDescription":"","_EventCurrencySymbol":"","_EventCurrencyCode":"","_EventCurrencyPosition":"","_EventDateTimeSeparator":"","_EventTimeRangeSeparator":"","_EventOrganizerID":[],"_EventVenueID":[],"_OrganizerEmail":"","_OrganizerPhone":"","_OrganizerWebsite":"","_VenueAddress":"","_VenueCity":"","_VenueCountry":"","_VenueProvince":"","_VenueState":"","_VenueZip":"","_VenuePhone":"","_VenueURL":"","_VenueStateProvince":"","_VenueLat":"","_VenueLng":"","_VenueShowMap":false,"_VenueShowMapLink":false,"jetpack_post_was_ever_published":false,"_jetpack_newsletter_access":"","_jetpack_dont_email_post_to_subs":false,"_jetpack_newsletter_tier_id":0,"_jetpack_memberships_contains_paywalled_content":false,"_jetpack_memberships_contains_paid_content":false,"footnotes":"","jetpack_publicize_message":"","jetpack_publicize_feature_enabled":true,"jetpack_social_post_already_shared":true,"jetpack_social_options":{"image_generator_settings":{"template":"highway","default_image_id":0,"font":"","enabled":false},"version":2}},"categories":[3],"tags":[],"class_list":["post-13511","post","type-post","status-publish","format-standard","has-post-thumbnail","hentry","category-non-classe"],"jetpack_publicize_connections":[],"jetpack_featured_media_url":"https:\/\/www.mairie-volonne.fr\/wp-content\/uploads\/2024\/12\/voeux-25-1.jpg","jetpack_shortlink":"https:\/\/wp.me\/p6fN6B-3vV","jetpack_sharing_enabled":true,"_links":{"self":[{"href":"https:\/\/www.mairie-volonne.fr\/index.php\/wp-json\/wp\/v2\/posts\/13511","targetHints":{"allow":["GET"]}}],"collection":[{"href":"https:\/\/www.mairie-volonne.fr\/index.php\/wp-json\/wp\/v2\/posts"}],"about":[{"href":"https:\/\/www.mairie-volonne.fr\/index.php\/wp-json\/wp\/v2\/types\/post"}],"author":[{"embeddable":true,"href":"https:\/\/www.mairie-volonne.fr\/index.php\/wp-json\/wp\/v2\/users\/9"}],"replies":[{"embeddable":true,"href":"https:\/\/www.mairie-volonne.fr\/index.php\/wp-json\/wp\/v2\/comments?post=13511"}],"version-history":[{"count":1,"href":"https:\/\/www.mairie-volonne.fr\/index.php\/wp-json\/wp\/v2\/posts\/13511\/revisions"}],"predecessor-version":[{"id":13514,"href":"https:\/\/www.mairie-volonne.fr\/index.php\/wp-json\/wp\/v2\/posts\/13511\/revisions\/13514"}],"wp:featuredmedia":[{"embeddable":true,"href":"https:\/\/www.mairie-volonne.fr\/index.php\/wp-json\/wp\/v2\/media\/13513"}],"wp:attachment":[{"href":"https:\/\/www.mairie-volonne.fr\/index.php\/wp-json\/wp\/v2\/media?parent=13511"}],"wp:term":[{"taxonomy":"category","embeddable":true,"href":"https:\/\/www.mairie-volonne.fr\/index.php\/wp-json\/wp\/v2\/categories?post=13511"},{"taxonomy":"post_tag","embeddable":true,"href":"https:\/\/www.mairie-volonne.fr\/index.php\/wp-json\/wp\/v2\/tags?post=13511"}],"curies":[{"name":"wp","href":"https:\/\/api.w.org\/{rel}","templated":true}]}}