{"id":13483,"date":"2024-11-13T07:34:16","date_gmt":"2024-11-13T06:34:16","guid":{"rendered":"https:\/\/www.mairie-volonne.fr\/?p=13483"},"modified":"2024-11-13T07:34:16","modified_gmt":"2024-11-13T06:34:16","slug":"marche-de-la-creation","status":"publish","type":"post","link":"https:\/\/www.mairie-volonne.fr\/index.php\/2024\/11\/13\/marche-de-la-creation\/","title":{"rendered":"March\u00e9 de la cr\u00e9ation"},"content":{"rendered":"<h2 style=\"text-align: center;\">Volonne Initiative a le plaisir de vous inviter \u00e0 son 17\u00e8me March\u00e9 de la Cr\u00e9ation, qui se tiendra le samedi 16 et dimanche 17 novembre, de 10h \u00e0 18h00, \u00e0 l&rsquo;Espace Notre Dame.<\/h2>\n<h2 style=\"text-align: center;\">Venez nombreux d\u00e9couvrir les talents locaux et profiter d&rsquo;une ambiance conviviale et cr\u00e9ative. Nous vous attendons avec impatience pour partager ce moment unique et soutenir nos artisans et cr\u00e9ateurs.<\/h2>\n","protected":false},"excerpt":{"rendered":"<p>Volonne Initiative a le plaisir de vous inviter \u00e0 son 17\u00e8me March\u00e9 de la Cr\u00e9ation, qui se tiendra le samedi 16 et dimanche 17 novembre, de 10h \u00e0 18h00, \u00e0 l&rsquo;Espace Notre Dame. Venez nombreux d\u00e9couvrir les talents locaux et profiter d&rsquo;une ambiance conviviale et cr\u00e9ative. Nous vous attendons avec impatience pour partager ce moment [&#8230;]<\/p>\n","protected":false},"author":9,"featured_media":13484,"comment_status":"closed","ping_status":"open","sticky":false,"template":"","format":"standard","meta":{"_EventAllDay":false,"_EventTimezone":"","_EventStartDate":"","_EventEndDate":"","_EventStartDateUTC":"","_EventEndDateUTC":"","_EventShowMap":false,"_EventShowMapLink":false,"_EventURL":"","_EventCost":"","_EventCostDescription":"","_EventCurrencySymbol":"","_EventCurrencyCode":"","_EventCurrencyPosition":"","_EventDateTimeSeparator":"","_EventTimeRangeSeparator":"","_EventOrganizerID":[],"_EventVenueID":[],"_OrganizerEmail":"","_OrganizerPhone":"","_OrganizerWebsite":"","_VenueAddress":"","_VenueCity":"","_VenueCountry":"","_VenueProvince":"","_VenueState":"","_VenueZip":"","_VenuePhone":"","_VenueURL":"","_VenueStateProvince":"","_VenueLat":"","_VenueLng":"","_VenueShowMap":false,"_VenueShowMapLink":false,"jetpack_post_was_ever_published":false,"_jetpack_newsletter_access":"","_jetpack_dont_email_post_to_subs":false,"_jetpack_newsletter_tier_id":0,"_jetpack_memberships_contains_paywalled_content":false,"_jetpack_memberships_contains_paid_content":false,"footnotes":"","jetpack_publicize_message":"","jetpack_publicize_feature_enabled":true,"jetpack_social_post_already_shared":true,"jetpack_social_options":{"image_generator_settings":{"template":"highway","default_image_id":0,"font":"","enabled":false},"version":2}},"categories":[3],"tags":[],"class_list":["post-13483","post","type-post","status-publish","format-standard","has-post-thumbnail","hentry","category-non-classe"],"jetpack_publicize_connections":[],"jetpack_featured_media_url":"https:\/\/www.mairie-volonne.fr\/wp-content\/uploads\/2024\/11\/marche-creation.jpg","jetpack_shortlink":"https:\/\/wp.me\/p6fN6B-3vt","jetpack_sharing_enabled":true,"_links":{"self":[{"href":"https:\/\/www.mairie-volonne.fr\/index.php\/wp-json\/wp\/v2\/posts\/13483","targetHints":{"allow":["GET"]}}],"collection":[{"href":"https:\/\/www.mairie-volonne.fr\/index.php\/wp-json\/wp\/v2\/posts"}],"about":[{"href":"https:\/\/www.mairie-volonne.fr\/index.php\/wp-json\/wp\/v2\/types\/post"}],"author":[{"embeddable":true,"href":"https:\/\/www.mairie-volonne.fr\/index.php\/wp-json\/wp\/v2\/users\/9"}],"replies":[{"embeddable":true,"href":"https:\/\/www.mairie-volonne.fr\/index.php\/wp-json\/wp\/v2\/comments?post=13483"}],"version-history":[{"count":1,"href":"https:\/\/www.mairie-volonne.fr\/index.php\/wp-json\/wp\/v2\/posts\/13483\/revisions"}],"predecessor-version":[{"id":13485,"href":"https:\/\/www.mairie-volonne.fr\/index.php\/wp-json\/wp\/v2\/posts\/13483\/revisions\/13485"}],"wp:featuredmedia":[{"embeddable":true,"href":"https:\/\/www.mairie-volonne.fr\/index.php\/wp-json\/wp\/v2\/media\/13484"}],"wp:attachment":[{"href":"https:\/\/www.mairie-volonne.fr\/index.php\/wp-json\/wp\/v2\/media?parent=13483"}],"wp:term":[{"taxonomy":"category","embeddable":true,"href":"https:\/\/www.mairie-volonne.fr\/index.php\/wp-json\/wp\/v2\/categories?post=13483"},{"taxonomy":"post_tag","embeddable":true,"href":"https:\/\/www.mairie-volonne.fr\/index.php\/wp-json\/wp\/v2\/tags?post=13483"}],"curies":[{"name":"wp","href":"https:\/\/api.w.org\/{rel}","templated":true}]}}