{"id":13417,"date":"2024-09-30T13:48:11","date_gmt":"2024-09-30T11:48:11","guid":{"rendered":"https:\/\/www.mairie-volonne.fr\/?p=13417"},"modified":"2024-09-30T13:48:11","modified_gmt":"2024-09-30T11:48:11","slug":"inauguration-msp2","status":"publish","type":"post","link":"https:\/\/www.mairie-volonne.fr\/index.php\/2024\/09\/30\/inauguration-msp2\/","title":{"rendered":"Inauguration MSP2"},"content":{"rendered":"<div class=\"xdj266r x11i5rnm xat24cr x1mh8g0r x1vvkbs x126k92a\">\n<h2 dir=\"auto\" style=\"text-align: center;\">Inauguration de la Maison de Sant\u00e9 2<\/h2>\n<\/div>\n<div dir=\"auto\">Nous avons le plaisir de vous inviter \u00e0 la c\u00e9r\u00e9monie d\u2019inauguration de la Maison de Sant\u00e9 2, qui aura lieu le 12 octobre \u00e0 partir de 17h.<\/div>\n<div dir=\"auto\">La c\u00e9r\u00e9monie sera suivie d\u2019un ap\u00e9ritif et d\u2019un repas partag\u00e9, accompagn\u00e9s d\u2019un concert du Groupe Haut Bu\u00ebch Night Fever.<\/div>\n<div class=\"x11i5rnm xat24cr x1mh8g0r x1vvkbs xtlvy1s x126k92a\">\n<h2 dir=\"auto\" style=\"text-align: center;\">Nous esp\u00e9rons vous voir nombreux pour c\u00e9l\u00e9brer cet \u00e9v\u00e9nement avec nous !<\/h2>\n<\/div>\n<p><img decoding=\"async\" class=\" wp-image-13418 aligncenter\" src=\"https:\/\/www.mairie-volonne.fr\/wp-content\/uploads\/2024\/09\/MSP2.jpg\" alt=\"\" width=\"720\" height=\"895\" srcset=\"https:\/\/www.mairie-volonne.fr\/wp-content\/uploads\/2024\/09\/MSP2-200x248.jpg 200w, https:\/\/www.mairie-volonne.fr\/wp-content\/uploads\/2024\/09\/MSP2-241x300.jpg 241w, https:\/\/www.mairie-volonne.fr\/wp-content\/uploads\/2024\/09\/MSP2-400x497.jpg 400w, https:\/\/www.mairie-volonne.fr\/wp-content\/uploads\/2024\/09\/MSP2.jpg 561w\" sizes=\"(max-width: 720px) 100vw, 720px\" \/><\/p>\n","protected":false},"excerpt":{"rendered":"<p>Inauguration de la Maison de Sant\u00e9 2 Nous avons le plaisir de vous inviter \u00e0 la c\u00e9r\u00e9monie d\u2019inauguration de la Maison de Sant\u00e9 2, qui aura lieu le 12 octobre \u00e0 partir de 17h. La c\u00e9r\u00e9monie sera suivie d\u2019un ap\u00e9ritif et d\u2019un repas partag\u00e9, accompagn\u00e9s d\u2019un concert du Groupe Haut Bu\u00ebch Night Fever. Nous esp\u00e9rons [&#8230;]<\/p>\n","protected":false},"author":9,"featured_media":13418,"comment_status":"closed","ping_status":"open","sticky":false,"template":"","format":"standard","meta":{"_EventAllDay":false,"_EventTimezone":"","_EventStartDate":"","_EventEndDate":"","_EventStartDateUTC":"","_EventEndDateUTC":"","_EventShowMap":false,"_EventShowMapLink":false,"_EventURL":"","_EventCost":"","_EventCostDescription":"","_EventCurrencySymbol":"","_EventCurrencyCode":"","_EventCurrencyPosition":"","_EventDateTimeSeparator":"","_EventTimeRangeSeparator":"","_EventOrganizerID":[],"_EventVenueID":[],"_OrganizerEmail":"","_OrganizerPhone":"","_OrganizerWebsite":"","_VenueAddress":"","_VenueCity":"","_VenueCountry":"","_VenueProvince":"","_VenueState":"","_VenueZip":"","_VenuePhone":"","_VenueURL":"","_VenueStateProvince":"","_VenueLat":"","_VenueLng":"","_VenueShowMap":false,"_VenueShowMapLink":false,"jetpack_post_was_ever_published":false,"_jetpack_newsletter_access":"","_jetpack_dont_email_post_to_subs":false,"_jetpack_newsletter_tier_id":0,"_jetpack_memberships_contains_paywalled_content":false,"_jetpack_memberships_contains_paid_content":false,"footnotes":"","jetpack_publicize_message":"","jetpack_publicize_feature_enabled":true,"jetpack_social_post_already_shared":true,"jetpack_social_options":{"image_generator_settings":{"template":"highway","default_image_id":0,"font":"","enabled":false},"version":2}},"categories":[3],"tags":[],"class_list":["post-13417","post","type-post","status-publish","format-standard","has-post-thumbnail","hentry","category-non-classe"],"jetpack_publicize_connections":[],"jetpack_featured_media_url":"https:\/\/www.mairie-volonne.fr\/wp-content\/uploads\/2024\/09\/MSP2.jpg","jetpack_shortlink":"https:\/\/wp.me\/p6fN6B-3up","jetpack_sharing_enabled":true,"_links":{"self":[{"href":"https:\/\/www.mairie-volonne.fr\/index.php\/wp-json\/wp\/v2\/posts\/13417","targetHints":{"allow":["GET"]}}],"collection":[{"href":"https:\/\/www.mairie-volonne.fr\/index.php\/wp-json\/wp\/v2\/posts"}],"about":[{"href":"https:\/\/www.mairie-volonne.fr\/index.php\/wp-json\/wp\/v2\/types\/post"}],"author":[{"embeddable":true,"href":"https:\/\/www.mairie-volonne.fr\/index.php\/wp-json\/wp\/v2\/users\/9"}],"replies":[{"embeddable":true,"href":"https:\/\/www.mairie-volonne.fr\/index.php\/wp-json\/wp\/v2\/comments?post=13417"}],"version-history":[{"count":1,"href":"https:\/\/www.mairie-volonne.fr\/index.php\/wp-json\/wp\/v2\/posts\/13417\/revisions"}],"predecessor-version":[{"id":13419,"href":"https:\/\/www.mairie-volonne.fr\/index.php\/wp-json\/wp\/v2\/posts\/13417\/revisions\/13419"}],"wp:featuredmedia":[{"embeddable":true,"href":"https:\/\/www.mairie-volonne.fr\/index.php\/wp-json\/wp\/v2\/media\/13418"}],"wp:attachment":[{"href":"https:\/\/www.mairie-volonne.fr\/index.php\/wp-json\/wp\/v2\/media?parent=13417"}],"wp:term":[{"taxonomy":"category","embeddable":true,"href":"https:\/\/www.mairie-volonne.fr\/index.php\/wp-json\/wp\/v2\/categories?post=13417"},{"taxonomy":"post_tag","embeddable":true,"href":"https:\/\/www.mairie-volonne.fr\/index.php\/wp-json\/wp\/v2\/tags?post=13417"}],"curies":[{"name":"wp","href":"https:\/\/api.w.org\/{rel}","templated":true}]}}