{"id":13236,"date":"2024-07-02T09:21:41","date_gmt":"2024-07-02T07:21:41","guid":{"rendered":"https:\/\/www.mairie-volonne.fr\/?p=13236"},"modified":"2024-07-02T09:21:41","modified_gmt":"2024-07-02T07:21:41","slug":"13236","status":"publish","type":"post","link":"https:\/\/www.mairie-volonne.fr\/index.php\/2024\/07\/02\/13236\/","title":{"rendered":""},"content":{"rendered":"<p>&nbsp;<\/p>\n<h2 style=\"text-align: center;\">\ud83c\udf3f Le jeudi 4 juillet, de 18h15 \u00e0 18h45, l\u2019association <strong>Zen le son des Vall\u00e9es<\/strong>\u00a0vous invite \u00e0 une s\u00e9ance de m\u00e9ditation zen gratuite pour les enfants \u00e0 partir de 6 ans et leurs parents. Rejoignez-nous \u00e0 la\u00a0<strong>salle Labouerie<\/strong>, situ\u00e9e au\u00a0<strong>16 rue Victor Heyries<\/strong>.<\/h2>\n<h2 style=\"text-align: center;\">Que vous soyez d\u00e9butant ou pratiquant exp\u00e9riment\u00e9, cette session est ouverte \u00e0 tous. Venez d\u00e9couvrir les bienfaits de la m\u00e9ditation dans une ambiance apaisante. Laissez-vous guider vers la s\u00e9r\u00e9nit\u00e9 int\u00e9rieure et la d\u00e9tente.<\/h2>\n<h2 style=\"text-align: center;\">\ud83d\udcc5\u00a0<strong>Date et heure<\/strong>\u00a0: Jeudi 4 juillet, de 18h15 \u00e0 18h45<\/h2>\n<h2 style=\"text-align: center;\">\ud83c\udfe0\u00a0<strong>Lieu<\/strong>\u00a0: Salle Labouerie, 16 rue Victor Heyries<\/h2>\n<h2 style=\"text-align: center;\">Pour participer, il est pr\u00e9f\u00e9rable de s\u2019inscrire au pr\u00e9alable :<\/h2>\n<ul style=\"text-align: center;\">\n<li>\n<h2>Par t\u00e9l\u00e9phone au\u00a0<strong>06.29.51.08.58<\/strong><\/h2>\n<\/li>\n<li>\n<h2>Par e-mail \u00e0\u00a0<strong>az.lesondesvallees@gmail.com<\/strong><\/h2>\n<\/li>\n<\/ul>\n<h2 style=\"text-align: center;\">Venez nombreux ! L\u2019association\u00a0<strong>Zen le son des Vall\u00e9es<\/strong>\u00a0a h\u00e2te de vous accueillir pour ce moment de calme et de partage. \ud83c\udf3f<\/h2>\n","protected":false},"excerpt":{"rendered":"<p>&nbsp; \ud83c\udf3f Le jeudi 4 juillet, de 18h15 \u00e0 18h45, l\u2019association Zen le son des Vall\u00e9es\u00a0vous invite \u00e0 une s\u00e9ance de m\u00e9ditation zen gratuite pour les enfants \u00e0 partir de 6 ans et leurs parents. Rejoignez-nous \u00e0 la\u00a0salle Labouerie, situ\u00e9e au\u00a016 rue Victor Heyries. Que vous soyez d\u00e9butant ou pratiquant exp\u00e9riment\u00e9, cette session est ouverte [&#8230;]<\/p>\n","protected":false},"author":9,"featured_media":13238,"comment_status":"closed","ping_status":"open","sticky":false,"template":"","format":"standard","meta":{"_EventAllDay":false,"_EventTimezone":"","_EventStartDate":"","_EventEndDate":"","_EventStartDateUTC":"","_EventEndDateUTC":"","_EventShowMap":false,"_EventShowMapLink":false,"_EventURL":"","_EventCost":"","_EventCostDescription":"","_EventCurrencySymbol":"","_EventCurrencyCode":"","_EventCurrencyPosition":"","_EventDateTimeSeparator":"","_EventTimeRangeSeparator":"","_EventOrganizerID":[],"_EventVenueID":[],"_OrganizerEmail":"","_OrganizerPhone":"","_OrganizerWebsite":"","_VenueAddress":"","_VenueCity":"","_VenueCountry":"","_VenueProvince":"","_VenueState":"","_VenueZip":"","_VenuePhone":"","_VenueURL":"","_VenueStateProvince":"","_VenueLat":"","_VenueLng":"","_VenueShowMap":false,"_VenueShowMapLink":false,"jetpack_post_was_ever_published":false,"_jetpack_newsletter_access":"","_jetpack_dont_email_post_to_subs":false,"_jetpack_newsletter_tier_id":0,"_jetpack_memberships_contains_paywalled_content":false,"_jetpack_memberships_contains_paid_content":false,"footnotes":"","jetpack_publicize_message":"","jetpack_publicize_feature_enabled":true,"jetpack_social_post_already_shared":true,"jetpack_social_options":{"image_generator_settings":{"template":"highway","default_image_id":0,"font":"","enabled":false},"version":2}},"categories":[3],"tags":[],"class_list":["post-13236","post","type-post","status-publish","format-standard","has-post-thumbnail","hentry","category-non-classe"],"jetpack_publicize_connections":[],"jetpack_featured_media_url":"https:\/\/www.mairie-volonne.fr\/wp-content\/uploads\/2024\/07\/Meditation-Zen-pour-les-enfants-leurs-parents-1.png","jetpack_shortlink":"https:\/\/wp.me\/s6fN6B-13236","jetpack_sharing_enabled":true,"_links":{"self":[{"href":"https:\/\/www.mairie-volonne.fr\/index.php\/wp-json\/wp\/v2\/posts\/13236","targetHints":{"allow":["GET"]}}],"collection":[{"href":"https:\/\/www.mairie-volonne.fr\/index.php\/wp-json\/wp\/v2\/posts"}],"about":[{"href":"https:\/\/www.mairie-volonne.fr\/index.php\/wp-json\/wp\/v2\/types\/post"}],"author":[{"embeddable":true,"href":"https:\/\/www.mairie-volonne.fr\/index.php\/wp-json\/wp\/v2\/users\/9"}],"replies":[{"embeddable":true,"href":"https:\/\/www.mairie-volonne.fr\/index.php\/wp-json\/wp\/v2\/comments?post=13236"}],"version-history":[{"count":1,"href":"https:\/\/www.mairie-volonne.fr\/index.php\/wp-json\/wp\/v2\/posts\/13236\/revisions"}],"predecessor-version":[{"id":13239,"href":"https:\/\/www.mairie-volonne.fr\/index.php\/wp-json\/wp\/v2\/posts\/13236\/revisions\/13239"}],"wp:featuredmedia":[{"embeddable":true,"href":"https:\/\/www.mairie-volonne.fr\/index.php\/wp-json\/wp\/v2\/media\/13238"}],"wp:attachment":[{"href":"https:\/\/www.mairie-volonne.fr\/index.php\/wp-json\/wp\/v2\/media?parent=13236"}],"wp:term":[{"taxonomy":"category","embeddable":true,"href":"https:\/\/www.mairie-volonne.fr\/index.php\/wp-json\/wp\/v2\/categories?post=13236"},{"taxonomy":"post_tag","embeddable":true,"href":"https:\/\/www.mairie-volonne.fr\/index.php\/wp-json\/wp\/v2\/tags?post=13236"}],"curies":[{"name":"wp","href":"https:\/\/api.w.org\/{rel}","templated":true}]}}