{"id":13148,"date":"2024-05-21T12:00:37","date_gmt":"2024-05-21T10:00:37","guid":{"rendered":"https:\/\/www.mairie-volonne.fr\/?p=13148"},"modified":"2024-05-21T12:00:37","modified_gmt":"2024-05-21T10:00:37","slug":"recherche-de-benevoles","status":"publish","type":"post","link":"https:\/\/www.mairie-volonne.fr\/index.php\/2024\/05\/21\/recherche-de-benevoles\/","title":{"rendered":"Recherche de B\u00e9n\u00e9voles"},"content":{"rendered":"<h3 style=\"text-align: center;\">\ud83c\udf89 F\u00eate m\u00e9di\u00e9vale de Volonne 2025 : Recherche de B\u00e9n\u00e9voles ! \ud83c\udf89<\/p>\n<p>Chers habitants de Volonne et passionn\u00e9s du Moyen-\u00c2ge,<\/p>\n<p>L\u2019association Volonne Initiatives est fi\u00e9vreusement en train de pr\u00e9parer la F\u00eate m\u00e9di\u00e9vale qui se tiendra dans l&rsquo; \u00e9t\u00e9 2025.<br \/>\nCet \u00e9v\u00e9nement biennal, qui existe depuis une vingtaine d\u2019ann\u00e9es, plonge notre charmant village dans l\u2019atmosph\u00e8re enchanteresse du pass\u00e9.<\/p>\n<p>\ud83c\udf1f Appel aux B\u00e9n\u00e9voles \ud83c\udf1f<\/p>\n<p>Nous avons besoin de vous ! Si vous souhaitez contribuer \u00e0 cette aventure m\u00e9di\u00e9vale, voici comment vous pouvez participer :<\/p>\n<p>Confection de Costumes : Si vous avez des talents de couturier(e), rejoignez notre \u00e9quipe pour cr\u00e9er des costumes authentiques et color\u00e9s.<br \/>\nCr\u00e9ation de D\u00e9cors : Les ruelles de Volonne se m\u00e9tamorphoseront en un d\u00e9cor m\u00e9di\u00e9val. Aidez-nous \u00e0 donner vie \u00e0 ce monde fantastique !<br \/>\nSayn\u00e8tes de Rue et D\u00e9ambulations : Vous \u00eates un(e) com\u00e9dien(ne) dans l\u2019\u00e2me ? Venez jouer des sc\u00e8nes pittoresques dans les rues du village.<br \/>\nAnimations et Initiations : Que diriez-vous d\u2019initier nos visiteurs aux danses m\u00e9di\u00e9vales, \u00e0 l\u2019escrime ou \u00e0 l\u2019artisanat d\u2019\u00e9poque ?<br \/>\nToutes Id\u00e9es Bienvenues ! : Si vous avez d\u2019autres talents ou suggestions, n\u2019h\u00e9sitez pas \u00e0 nous les partager.<br \/>\nChaque id\u00e9e compte !<\/p>\n<p>Ensemble, faisons de la F\u00eate m\u00e9di\u00e9vale de Volonne un moment magique et inoubliable. \ud83c\udff0\ud83c\udfad\ud83d\udd25<\/p>\n<p>Pour tout renseignement, contactez Myriem au 06.12.17.51.50 ou Jean-Paul au 06.86.85.00.89 ou directement par mail \u00e0 <a class=\"x1fey0fg xmper1u x1edh9d7\" href=\"mailto:lamedievaledevolonne@gmail.com\">lamedievaledevolonne@gmail.com<\/a><\/p>\n<p>N\u2019h\u00e9sitez pas \u00e0 partager cette annonce avec vos amis et voisins ! \ud83d\ude4c\ud83c\udf8a<\/h3>\n","protected":false},"excerpt":{"rendered":"<p>\ud83c\udf89 F\u00eate m\u00e9di\u00e9vale de Volonne 2025 : Recherche de B\u00e9n\u00e9voles ! \ud83c\udf89 Chers habitants de Volonne et passionn\u00e9s du Moyen-\u00c2ge, L\u2019association Volonne Initiatives est fi\u00e9vreusement en train de pr\u00e9parer la F\u00eate m\u00e9di\u00e9vale qui se tiendra dans l&rsquo; \u00e9t\u00e9 2025. Cet \u00e9v\u00e9nement biennal, qui existe depuis une vingtaine d\u2019ann\u00e9es, plonge notre charmant village dans l\u2019atmosph\u00e8re enchanteresse [&#8230;]<\/p>\n","protected":false},"author":9,"featured_media":13149,"comment_status":"closed","ping_status":"open","sticky":false,"template":"","format":"standard","meta":{"_EventAllDay":false,"_EventTimezone":"","_EventStartDate":"","_EventEndDate":"","_EventStartDateUTC":"","_EventEndDateUTC":"","_EventShowMap":false,"_EventShowMapLink":false,"_EventURL":"","_EventCost":"","_EventCostDescription":"","_EventCurrencySymbol":"","_EventCurrencyCode":"","_EventCurrencyPosition":"","_EventDateTimeSeparator":"","_EventTimeRangeSeparator":"","_EventOrganizerID":[],"_EventVenueID":[],"_OrganizerEmail":"","_OrganizerPhone":"","_OrganizerWebsite":"","_VenueAddress":"","_VenueCity":"","_VenueCountry":"","_VenueProvince":"","_VenueState":"","_VenueZip":"","_VenuePhone":"","_VenueURL":"","_VenueStateProvince":"","_VenueLat":"","_VenueLng":"","_VenueShowMap":false,"_VenueShowMapLink":false,"jetpack_post_was_ever_published":false,"_jetpack_newsletter_access":"","_jetpack_dont_email_post_to_subs":false,"_jetpack_newsletter_tier_id":0,"_jetpack_memberships_contains_paywalled_content":false,"_jetpack_memberships_contains_paid_content":false,"footnotes":"","jetpack_publicize_message":"","jetpack_publicize_feature_enabled":true,"jetpack_social_post_already_shared":true,"jetpack_social_options":{"image_generator_settings":{"template":"highway","default_image_id":0,"font":"","enabled":false},"version":2}},"categories":[3],"tags":[],"class_list":["post-13148","post","type-post","status-publish","format-standard","has-post-thumbnail","hentry","category-non-classe"],"jetpack_publicize_connections":[],"jetpack_featured_media_url":"https:\/\/www.mairie-volonne.fr\/wp-content\/uploads\/2024\/05\/fete-medievale.jpg","jetpack_shortlink":"https:\/\/wp.me\/p6fN6B-3q4","jetpack_sharing_enabled":true,"_links":{"self":[{"href":"https:\/\/www.mairie-volonne.fr\/index.php\/wp-json\/wp\/v2\/posts\/13148","targetHints":{"allow":["GET"]}}],"collection":[{"href":"https:\/\/www.mairie-volonne.fr\/index.php\/wp-json\/wp\/v2\/posts"}],"about":[{"href":"https:\/\/www.mairie-volonne.fr\/index.php\/wp-json\/wp\/v2\/types\/post"}],"author":[{"embeddable":true,"href":"https:\/\/www.mairie-volonne.fr\/index.php\/wp-json\/wp\/v2\/users\/9"}],"replies":[{"embeddable":true,"href":"https:\/\/www.mairie-volonne.fr\/index.php\/wp-json\/wp\/v2\/comments?post=13148"}],"version-history":[{"count":1,"href":"https:\/\/www.mairie-volonne.fr\/index.php\/wp-json\/wp\/v2\/posts\/13148\/revisions"}],"predecessor-version":[{"id":13150,"href":"https:\/\/www.mairie-volonne.fr\/index.php\/wp-json\/wp\/v2\/posts\/13148\/revisions\/13150"}],"wp:featuredmedia":[{"embeddable":true,"href":"https:\/\/www.mairie-volonne.fr\/index.php\/wp-json\/wp\/v2\/media\/13149"}],"wp:attachment":[{"href":"https:\/\/www.mairie-volonne.fr\/index.php\/wp-json\/wp\/v2\/media?parent=13148"}],"wp:term":[{"taxonomy":"category","embeddable":true,"href":"https:\/\/www.mairie-volonne.fr\/index.php\/wp-json\/wp\/v2\/categories?post=13148"},{"taxonomy":"post_tag","embeddable":true,"href":"https:\/\/www.mairie-volonne.fr\/index.php\/wp-json\/wp\/v2\/tags?post=13148"}],"curies":[{"name":"wp","href":"https:\/\/api.w.org\/{rel}","templated":true}]}}