{"id":12816,"date":"2024-02-18T18:46:07","date_gmt":"2024-02-18T17:46:07","guid":{"rendered":"https:\/\/www.mairie-volonne.fr\/?p=12816"},"modified":"2024-02-18T18:54:12","modified_gmt":"2024-02-18T17:54:12","slug":"concertation-citoyenne-questionnaire-schema-cyclable-en-moyenne-durance","status":"publish","type":"post","link":"https:\/\/www.mairie-volonne.fr\/index.php\/2024\/02\/18\/concertation-citoyenne-questionnaire-schema-cyclable-en-moyenne-durance\/","title":{"rendered":"Concertation citoyenne: Questionnaire SCH\u00c9MA CYCLABLE en MOYENNE DURANCE"},"content":{"rendered":"<p>[MOBILIT\u00c9] Vous faites du v\u00e9lo ou cette th\u00e9matique vous int\u00e9resse ?<\/p>\n<p>Participez \u00e0 notre enqu\u00eate sur la pratique du v\u00e9lo \u00e0 l\u2019\u00e9chelle de la Moyenne Durance ! \ud83d\udeb2<\/p>\n<h3><strong>Objectifs :<\/strong><\/h3>\n<p>\u2714 Mieux conna\u00eetre vos attentes et les probl\u00e8mes que vous rencontrez,<\/p>\n<p>\u2714 Pr\u00e9parer les futurs am\u00e9nagements et services v\u00e9los,<\/p>\n<p>\u2714 Faciliter l\u2019usage du v\u00e9lo au quotidien.<\/p>\n<p>\ud83d\udc49Un questionnaire totalement anonyme ouvert \u00e0 tous (adultes et enfants) :<\/p>\n<h3><strong><span style=\"color: #008000;\"> <a style=\"color: #008000;\" href=\"https:\/\/s.surveyplanet.com\/mldrnxmx\" target=\"_blank\" rel=\"noopener\">https:\/\/s.surveyplanet.com\/mldrnxmx<\/a><\/span><\/strong><\/h3>\n<p>\ud83d\udd56Dur\u00e9e : 4 \u00e0 6 minutes<\/p>\n<h3>Pour r\u00e9pondre \u00e0 la version papier, t\u00e9l\u00e9charger le:\u00a0 <strong><span style=\"color: #008000;\"><a style=\"color: #008000;\" href=\"https:\/\/www.mairie-volonne.fr\/wp-content\/uploads\/2024\/02\/Questionnaire-papier-1.pdf\" target=\"_blank\" rel=\"noopener\">Questionnaire-papier<\/a><\/span><\/strong><\/h3>\n<p>et RDV en mairie pour d\u00e9poser vos r\u00e9ponses.<\/p>\n<h2>\ud83d\ude03Merci pour votre participation !<\/h2>\n","protected":false},"excerpt":{"rendered":"<p>[MOBILIT\u00c9] Vous faites du v\u00e9lo ou cette th\u00e9matique vous int\u00e9resse ? Participez \u00e0 notre enqu\u00eate sur la pratique du v\u00e9lo \u00e0 l\u2019\u00e9chelle de la Moyenne Durance ! \ud83d\udeb2 Objectifs : \u2714 Mieux conna\u00eetre vos attentes et les probl\u00e8mes que vous rencontrez, \u2714 Pr\u00e9parer les futurs am\u00e9nagements et services v\u00e9los, \u2714 Faciliter l\u2019usage du v\u00e9lo au [&#8230;]<\/p>\n","protected":false},"author":7,"featured_media":12819,"comment_status":"closed","ping_status":"open","sticky":false,"template":"","format":"standard","meta":{"_EventAllDay":false,"_EventTimezone":"","_EventStartDate":"","_EventEndDate":"","_EventStartDateUTC":"","_EventEndDateUTC":"","_EventShowMap":false,"_EventShowMapLink":false,"_EventURL":"","_EventCost":"","_EventCostDescription":"","_EventCurrencySymbol":"","_EventCurrencyCode":"","_EventCurrencyPosition":"","_EventDateTimeSeparator":"","_EventTimeRangeSeparator":"","_EventOrganizerID":[],"_EventVenueID":[],"_OrganizerEmail":"","_OrganizerPhone":"","_OrganizerWebsite":"","_VenueAddress":"","_VenueCity":"","_VenueCountry":"","_VenueProvince":"","_VenueState":"","_VenueZip":"","_VenuePhone":"","_VenueURL":"","_VenueStateProvince":"","_VenueLat":"","_VenueLng":"","_VenueShowMap":false,"_VenueShowMapLink":false,"jetpack_post_was_ever_published":false,"_jetpack_newsletter_access":"","_jetpack_dont_email_post_to_subs":false,"_jetpack_newsletter_tier_id":0,"_jetpack_memberships_contains_paywalled_content":false,"_jetpack_memberships_contains_paid_content":false,"footnotes":"","jetpack_publicize_message":"","jetpack_publicize_feature_enabled":true,"jetpack_social_post_already_shared":true,"jetpack_social_options":{"image_generator_settings":{"template":"highway","default_image_id":0,"font":"","enabled":false},"version":2}},"categories":[3],"tags":[],"class_list":["post-12816","post","type-post","status-publish","format-standard","has-post-thumbnail","hentry","category-non-classe"],"jetpack_publicize_connections":[],"jetpack_featured_media_url":"https:\/\/www.mairie-volonne.fr\/wp-content\/uploads\/2024\/02\/Post-concertation.jpg","jetpack_shortlink":"https:\/\/wp.me\/p6fN6B-3kI","jetpack_sharing_enabled":true,"_links":{"self":[{"href":"https:\/\/www.mairie-volonne.fr\/index.php\/wp-json\/wp\/v2\/posts\/12816","targetHints":{"allow":["GET"]}}],"collection":[{"href":"https:\/\/www.mairie-volonne.fr\/index.php\/wp-json\/wp\/v2\/posts"}],"about":[{"href":"https:\/\/www.mairie-volonne.fr\/index.php\/wp-json\/wp\/v2\/types\/post"}],"author":[{"embeddable":true,"href":"https:\/\/www.mairie-volonne.fr\/index.php\/wp-json\/wp\/v2\/users\/7"}],"replies":[{"embeddable":true,"href":"https:\/\/www.mairie-volonne.fr\/index.php\/wp-json\/wp\/v2\/comments?post=12816"}],"version-history":[{"count":1,"href":"https:\/\/www.mairie-volonne.fr\/index.php\/wp-json\/wp\/v2\/posts\/12816\/revisions"}],"predecessor-version":[{"id":12820,"href":"https:\/\/www.mairie-volonne.fr\/index.php\/wp-json\/wp\/v2\/posts\/12816\/revisions\/12820"}],"wp:featuredmedia":[{"embeddable":true,"href":"https:\/\/www.mairie-volonne.fr\/index.php\/wp-json\/wp\/v2\/media\/12819"}],"wp:attachment":[{"href":"https:\/\/www.mairie-volonne.fr\/index.php\/wp-json\/wp\/v2\/media?parent=12816"}],"wp:term":[{"taxonomy":"category","embeddable":true,"href":"https:\/\/www.mairie-volonne.fr\/index.php\/wp-json\/wp\/v2\/categories?post=12816"},{"taxonomy":"post_tag","embeddable":true,"href":"https:\/\/www.mairie-volonne.fr\/index.php\/wp-json\/wp\/v2\/tags?post=12816"}],"curies":[{"name":"wp","href":"https:\/\/api.w.org\/{rel}","templated":true}]}}