{"id":12798,"date":"2024-02-05T19:23:27","date_gmt":"2024-02-05T18:23:27","guid":{"rendered":"https:\/\/www.mairie-volonne.fr\/?p=12798"},"modified":"2024-02-05T19:23:27","modified_gmt":"2024-02-05T18:23:27","slug":"nouveautes-2024-le-permis-de-conduire-a-17-ans","status":"publish","type":"post","link":"https:\/\/www.mairie-volonne.fr\/index.php\/2024\/02\/05\/nouveautes-2024-le-permis-de-conduire-a-17-ans\/","title":{"rendered":"Nouveaut\u00e9s 2024 : Le Permis de Conduire \u00e0 17 Ans"},"content":{"rendered":"<p><span style=\"font-size: 10.0pt; font-family: 'Arial',sans-serif; color: black;\">Toutes les d\u00e9marches li\u00e9es \u00e0 l&rsquo;obtention du pr\u00e9cieux s\u00e9same sont d\u00e9sormais centralis\u00e9es<\/span><\/p>\n<p><span style=\"font-size: 10.0pt; font-family: 'Arial',sans-serif; color: black;\"> sur le<\/span><!--more--><\/p>\n<h2>\u00a0<span style=\"color: #000000; font-family: Arial, sans-serif; font-size: 13.3333px;\">site \u00a0<\/span><strong><span style=\"color: #008000;\"><a style=\"color: #008000;\" href=\"https:\/\/permisdeconduire.ants.gouv.fr\/\" target=\"_blank\" rel=\"noopener\"><span style=\"font-size: 10pt; font-family: Arial, sans-serif;\">https:\/\/permisdeconduire.ants.gouv.fr\/<\/span><\/a><\/span><\/strong><span style=\"font-size: 10.0pt; font-family: 'Arial',sans-serif; color: black;\">.\u00a0<\/span><\/h2>\n<p><span style=\"font-size: 10.0pt; font-family: 'Arial',sans-serif; color: black;\">Cette plateforme offre une centralisation efficace des proc\u00e9dures, englobant la d\u00e9claration de perte ou de vol du permis de conduire,<\/span><\/p>\n<p><span style=\"font-size: 10.0pt; font-family: 'Arial',sans-serif; color: black;\"> la consultation de l&rsquo;\u00e9tat d&rsquo;avancement du dossier, ainsi que la v\u00e9rification du solde de points, entre autres.<\/span><\/p>\n<p><span style=\"font-size: 10.0pt; font-family: 'Arial',sans-serif; color: #374151;\">\u00c0 partir de janvier 2024, l&rsquo;examen du permis de conduire sera ouvert d\u00e8s l&rsquo;\u00e2ge de 17 ans en France, une mesure visant \u00e0 faciliter<\/span><\/p>\n<p><span style=\"font-size: 10.0pt; font-family: 'Arial',sans-serif; color: #374151;\"> la mobilit\u00e9 des jeunes, notamment ceux r\u00e9sidant en zone rurale, pour am\u00e9liorer leur acc\u00e8s \u00e0 l&#8217;emploi.<\/span><\/p>\n<p><span style=\"font-size: 10.0pt; font-family: 'Arial',sans-serif; color: #374151;\">Cette disposition s&rsquo;applique \u00e0 tous les candidats au permis de conduire, qu&rsquo;ils soient inscrits dans une auto-\u00e9cole traditionnelle <\/span><\/p>\n<p><span style=\"font-size: 10.0pt; font-family: 'Arial',sans-serif; color: #374151;\">ou qu&rsquo;ils optent pour le passage en candidat libre, voire,<\/span><\/p>\n<h2><strong><span style=\"color: #008000;\"><a style=\"color: #008000;\" href=\"https:\/\/www.ornikar.com\/code\/examen\" target=\"_blank\" rel=\"noopener\"><span style=\"font-size: 10pt; font-family: Arial, sans-serif; text-decoration: none;\">comme sur ce site<\/span><\/a><\/span><\/strong><span style=\"font-size: 10.0pt; font-family: 'Arial',sans-serif; color: #374151;\">, <\/span><\/h2>\n<p><span style=\"font-size: 10.0pt; font-family: 'Arial',sans-serif; color: #374151;\">via une auto-\u00e9cole en ligne (avec attribution d&rsquo;un num\u00e9ro NEPH).<\/span><\/p>\n<p><span style=\"font-size: 10.0pt; font-family: 'Arial',sans-serif; color: black;\">Les jeunes participants \u00e0 l&rsquo;apprentissage anticip\u00e9 de la conduite (AAC), \u00e9galement connu sous le nom de conduite accompagn\u00e9e,<\/span><\/p>\n<p><span style=\"font-size: 10.0pt; font-family: 'Arial',sans-serif; color: black;\"> peuvent d\u00e9j\u00e0 passer l&rsquo;\u00e9preuve pratique du permis de conduire d\u00e8s l&rsquo;\u00e2ge de 17 ans. Toutefois, la conduite individuelle apr\u00e8s la r\u00e9ussite de l&rsquo;examen<\/span><\/p>\n<p><span style=\"font-size: 10.0pt; font-family: 'Arial',sans-serif; color: black;\"> n&rsquo;est autoris\u00e9e qu&rsquo;\u00e0 la majorit\u00e9. \u00c0 partir de 2024, cette possibilit\u00e9 sera \u00e9tendue \u00e0 tous les candidats au permis de conduire,<\/span><\/p>\n<p><span style=\"font-size: 10.0pt; font-family: 'Arial',sans-serif; color: black;\"> ind\u00e9pendamment de leur choix de suivre le syst\u00e8me de conduite accompagn\u00e9e ou non.<\/span><\/p>\n<p><span style=\"color: #ff0000;\"><strong>*\/\/*\\\\*\/\/*\\\\*<\/strong><\/span><\/p>\n","protected":false},"excerpt":{"rendered":"<p>Toutes les d\u00e9marches li\u00e9es \u00e0 l&rsquo;obtention du pr\u00e9cieux s\u00e9same sont d\u00e9sormais centralis\u00e9es sur le<\/p>\n","protected":false},"author":7,"featured_media":12799,"comment_status":"closed","ping_status":"open","sticky":false,"template":"","format":"standard","meta":{"_EventAllDay":false,"_EventTimezone":"","_EventStartDate":"","_EventEndDate":"","_EventStartDateUTC":"","_EventEndDateUTC":"","_EventShowMap":false,"_EventShowMapLink":false,"_EventURL":"","_EventCost":"","_EventCostDescription":"","_EventCurrencySymbol":"","_EventCurrencyCode":"","_EventCurrencyPosition":"","_EventDateTimeSeparator":"","_EventTimeRangeSeparator":"","_EventOrganizerID":[],"_EventVenueID":[],"_OrganizerEmail":"","_OrganizerPhone":"","_OrganizerWebsite":"","_VenueAddress":"","_VenueCity":"","_VenueCountry":"","_VenueProvince":"","_VenueState":"","_VenueZip":"","_VenuePhone":"","_VenueURL":"","_VenueStateProvince":"","_VenueLat":"","_VenueLng":"","_VenueShowMap":false,"_VenueShowMapLink":false,"jetpack_post_was_ever_published":false,"_jetpack_newsletter_access":"","_jetpack_dont_email_post_to_subs":false,"_jetpack_newsletter_tier_id":0,"_jetpack_memberships_contains_paywalled_content":false,"_jetpack_memberships_contains_paid_content":false,"footnotes":"","jetpack_publicize_message":"","jetpack_publicize_feature_enabled":true,"jetpack_social_post_already_shared":true,"jetpack_social_options":{"image_generator_settings":{"template":"highway","default_image_id":0,"font":"","enabled":false},"version":2}},"categories":[3],"tags":[],"class_list":["post-12798","post","type-post","status-publish","format-standard","has-post-thumbnail","hentry","category-non-classe"],"jetpack_publicize_connections":[],"jetpack_featured_media_url":"https:\/\/www.mairie-volonne.fr\/wp-content\/uploads\/2024\/02\/tout-savoir-sur-le-permis.jpg","jetpack_shortlink":"https:\/\/wp.me\/p6fN6B-3kq","jetpack_sharing_enabled":true,"_links":{"self":[{"href":"https:\/\/www.mairie-volonne.fr\/index.php\/wp-json\/wp\/v2\/posts\/12798","targetHints":{"allow":["GET"]}}],"collection":[{"href":"https:\/\/www.mairie-volonne.fr\/index.php\/wp-json\/wp\/v2\/posts"}],"about":[{"href":"https:\/\/www.mairie-volonne.fr\/index.php\/wp-json\/wp\/v2\/types\/post"}],"author":[{"embeddable":true,"href":"https:\/\/www.mairie-volonne.fr\/index.php\/wp-json\/wp\/v2\/users\/7"}],"replies":[{"embeddable":true,"href":"https:\/\/www.mairie-volonne.fr\/index.php\/wp-json\/wp\/v2\/comments?post=12798"}],"version-history":[{"count":1,"href":"https:\/\/www.mairie-volonne.fr\/index.php\/wp-json\/wp\/v2\/posts\/12798\/revisions"}],"predecessor-version":[{"id":12800,"href":"https:\/\/www.mairie-volonne.fr\/index.php\/wp-json\/wp\/v2\/posts\/12798\/revisions\/12800"}],"wp:featuredmedia":[{"embeddable":true,"href":"https:\/\/www.mairie-volonne.fr\/index.php\/wp-json\/wp\/v2\/media\/12799"}],"wp:attachment":[{"href":"https:\/\/www.mairie-volonne.fr\/index.php\/wp-json\/wp\/v2\/media?parent=12798"}],"wp:term":[{"taxonomy":"category","embeddable":true,"href":"https:\/\/www.mairie-volonne.fr\/index.php\/wp-json\/wp\/v2\/categories?post=12798"},{"taxonomy":"post_tag","embeddable":true,"href":"https:\/\/www.mairie-volonne.fr\/index.php\/wp-json\/wp\/v2\/tags?post=12798"}],"curies":[{"name":"wp","href":"https:\/\/api.w.org\/{rel}","templated":true}]}}