{"id":12790,"date":"2024-01-31T11:46:58","date_gmt":"2024-01-31T10:46:58","guid":{"rendered":"https:\/\/www.mairie-volonne.fr\/?p=12790"},"modified":"2024-01-31T11:46:58","modified_gmt":"2024-01-31T10:46:58","slug":"ceremonie-dinauguration-des-travaux-de-la-chapelle-des-penitents-a-volonne","status":"publish","type":"post","link":"https:\/\/www.mairie-volonne.fr\/index.php\/2024\/01\/31\/ceremonie-dinauguration-des-travaux-de-la-chapelle-des-penitents-a-volonne\/","title":{"rendered":"C\u00e9r\u00e9monie d&rsquo;inauguration des travaux de la Chapelle des P\u00e9nitents \u00e0 Volonne,"},"content":{"rendered":"<p><strong>&#8211; <\/strong><em><strong>en remerciements de tous vos gestes de soutien, via<\/strong> <strong>la Fondation du Patrimoine ou autres &#8211; <\/strong><\/em><\/p>\n<p>et en partenariat avec la paroisse des 4 rives, ce <strong>Samedi 3 F\u00e9vrier \u00e0 16h \u00e0 Volonne\u00a0<\/strong><\/p>\n<p><strong>\u00a0<\/strong>sur le parvis de la chapelle, rue Victor Heyries.<\/p>\n<p>Cette inauguration se tiendra en pr\u00e9sence de Mr le Pr\u00e9fet et de Msg l\u2019\u00c9v\u00eaque de Digne-Riez-Sisteron.<img decoding=\"async\" class=\"size-full wp-image-12791 alignleft\" src=\"https:\/\/www.mairie-volonne.fr\/wp-content\/uploads\/2024\/01\/chapelle-des-penitents.jpg\" alt=\"\" width=\"752\" height=\"1879\" srcset=\"https:\/\/www.mairie-volonne.fr\/wp-content\/uploads\/2024\/01\/chapelle-des-penitents-120x300.jpg 120w, https:\/\/www.mairie-volonne.fr\/wp-content\/uploads\/2024\/01\/chapelle-des-penitents-200x500.jpg 200w, https:\/\/www.mairie-volonne.fr\/wp-content\/uploads\/2024\/01\/chapelle-des-penitents-400x999.jpg 400w, https:\/\/www.mairie-volonne.fr\/wp-content\/uploads\/2024\/01\/chapelle-des-penitents-410x1024.jpg 410w, https:\/\/www.mairie-volonne.fr\/wp-content\/uploads\/2024\/01\/chapelle-des-penitents-600x1499.jpg 600w, https:\/\/www.mairie-volonne.fr\/wp-content\/uploads\/2024\/01\/chapelle-des-penitents-615x1536.jpg 615w, https:\/\/www.mairie-volonne.fr\/wp-content\/uploads\/2024\/01\/chapelle-des-penitents.jpg 752w\" sizes=\"(max-width: 752px) 100vw, 752px\" \/><\/p>\n","protected":false},"excerpt":{"rendered":"<p>&#8211; en remerciements de tous vos gestes de soutien, via la Fondation du Patrimoine ou autres &#8211; et en partenariat avec la paroisse des 4 rives, ce Samedi 3 F\u00e9vrier \u00e0 16h \u00e0 Volonne\u00a0 \u00a0sur le parvis de la chapelle, rue Victor Heyries. Cette inauguration se tiendra en pr\u00e9sence de Mr le Pr\u00e9fet et de [&#8230;]<\/p>\n","protected":false},"author":7,"featured_media":12791,"comment_status":"closed","ping_status":"open","sticky":false,"template":"","format":"standard","meta":{"_EventAllDay":false,"_EventTimezone":"","_EventStartDate":"","_EventEndDate":"","_EventStartDateUTC":"","_EventEndDateUTC":"","_EventShowMap":false,"_EventShowMapLink":false,"_EventURL":"","_EventCost":"","_EventCostDescription":"","_EventCurrencySymbol":"","_EventCurrencyCode":"","_EventCurrencyPosition":"","_EventDateTimeSeparator":"","_EventTimeRangeSeparator":"","_EventOrganizerID":[],"_EventVenueID":[],"_OrganizerEmail":"","_OrganizerPhone":"","_OrganizerWebsite":"","_VenueAddress":"","_VenueCity":"","_VenueCountry":"","_VenueProvince":"","_VenueState":"","_VenueZip":"","_VenuePhone":"","_VenueURL":"","_VenueStateProvince":"","_VenueLat":"","_VenueLng":"","_VenueShowMap":false,"_VenueShowMapLink":false,"jetpack_post_was_ever_published":false,"_jetpack_newsletter_access":"","_jetpack_dont_email_post_to_subs":false,"_jetpack_newsletter_tier_id":0,"_jetpack_memberships_contains_paywalled_content":false,"_jetpack_memberships_contains_paid_content":false,"footnotes":"","jetpack_publicize_message":"","jetpack_publicize_feature_enabled":true,"jetpack_social_post_already_shared":true,"jetpack_social_options":{"image_generator_settings":{"template":"highway","default_image_id":0,"font":"","enabled":false},"version":2}},"categories":[3],"tags":[],"class_list":["post-12790","post","type-post","status-publish","format-standard","has-post-thumbnail","hentry","category-non-classe"],"jetpack_publicize_connections":[],"jetpack_featured_media_url":"https:\/\/www.mairie-volonne.fr\/wp-content\/uploads\/2024\/01\/chapelle-des-penitents.jpg","jetpack_shortlink":"https:\/\/wp.me\/p6fN6B-3ki","jetpack_sharing_enabled":true,"_links":{"self":[{"href":"https:\/\/www.mairie-volonne.fr\/index.php\/wp-json\/wp\/v2\/posts\/12790","targetHints":{"allow":["GET"]}}],"collection":[{"href":"https:\/\/www.mairie-volonne.fr\/index.php\/wp-json\/wp\/v2\/posts"}],"about":[{"href":"https:\/\/www.mairie-volonne.fr\/index.php\/wp-json\/wp\/v2\/types\/post"}],"author":[{"embeddable":true,"href":"https:\/\/www.mairie-volonne.fr\/index.php\/wp-json\/wp\/v2\/users\/7"}],"replies":[{"embeddable":true,"href":"https:\/\/www.mairie-volonne.fr\/index.php\/wp-json\/wp\/v2\/comments?post=12790"}],"version-history":[{"count":1,"href":"https:\/\/www.mairie-volonne.fr\/index.php\/wp-json\/wp\/v2\/posts\/12790\/revisions"}],"predecessor-version":[{"id":12792,"href":"https:\/\/www.mairie-volonne.fr\/index.php\/wp-json\/wp\/v2\/posts\/12790\/revisions\/12792"}],"wp:featuredmedia":[{"embeddable":true,"href":"https:\/\/www.mairie-volonne.fr\/index.php\/wp-json\/wp\/v2\/media\/12791"}],"wp:attachment":[{"href":"https:\/\/www.mairie-volonne.fr\/index.php\/wp-json\/wp\/v2\/media?parent=12790"}],"wp:term":[{"taxonomy":"category","embeddable":true,"href":"https:\/\/www.mairie-volonne.fr\/index.php\/wp-json\/wp\/v2\/categories?post=12790"},{"taxonomy":"post_tag","embeddable":true,"href":"https:\/\/www.mairie-volonne.fr\/index.php\/wp-json\/wp\/v2\/tags?post=12790"}],"curies":[{"name":"wp","href":"https:\/\/api.w.org\/{rel}","templated":true}]}}