{"id":10292,"date":"2020-08-13T16:21:37","date_gmt":"2020-08-13T14:21:37","guid":{"rendered":"https:\/\/www.mairie-volonne.fr\/?p=10292"},"modified":"2020-08-13T19:19:54","modified_gmt":"2020-08-13T17:19:54","slug":"le-chemin-de-la-chareirrasse-la-premiere-tranche-de-sa-renovation-a-ete-menee-cet-ete-en-juillet-et-aout","status":"publish","type":"post","link":"https:\/\/www.mairie-volonne.fr\/index.php\/2020\/08\/13\/le-chemin-de-la-chareirrasse-la-premiere-tranche-de-sa-renovation-a-ete-menee-cet-ete-en-juillet-et-aout\/","title":{"rendered":"Le chemin de la Chareirrasse: La premi\u00e8re tranche de sa r\u00e9novation a \u00e9t\u00e9 r\u00e9alis\u00e9e cet \u00e9t\u00e9 en juillet et ao\u00fbt"},"content":{"rendered":"<p>et la restauration compl\u00e8te sera termin\u00e9e en 2023 ou 2024 gr\u00e2ce au partenariat de la commune et l&rsquo; Association APARE&#8230;<\/p>\n<p>(comme pour le chemin de Ronde sur 4 ans)<\/p>\n<h3><strong><span style=\"color: #008000;\"><a style=\"color: #008000;\" href=\"https:\/\/www.mairie-volonne.fr\/index.php\/la-chareirrasse\/\" target=\"_blank\" rel=\"noopener noreferrer\">Clic ici pour <\/a><\/span><\/strong><\/h3>\n<p><!--more--><\/p>\n<h3><strong><span style=\"color: #008000;\"><a style=\"color: #008000;\" href=\"https:\/\/www.mairie-volonne.fr\/index.php\/la-chareirrasse\/\" target=\"_blank\" rel=\"noopener noreferrer\">avoir plus d&rsquo;infos<\/a><\/span><\/strong><\/h3>\n<p><img decoding=\"async\" class=\"size-full wp-image-10294 alignleft\" src=\"https:\/\/www.mairie-volonne.fr\/wp-content\/uploads\/2020\/08\/211330354145694065-b.jpg\" alt=\"\" width=\"539\" height=\"816\" srcset=\"https:\/\/www.mairie-volonne.fr\/wp-content\/uploads\/2020\/08\/211330354145694065-b-198x300.jpg 198w, https:\/\/www.mairie-volonne.fr\/wp-content\/uploads\/2020\/08\/211330354145694065-b-200x303.jpg 200w, https:\/\/www.mairie-volonne.fr\/wp-content\/uploads\/2020\/08\/211330354145694065-b-400x606.jpg 400w, https:\/\/www.mairie-volonne.fr\/wp-content\/uploads\/2020\/08\/211330354145694065-b.jpg 539w\" sizes=\"(max-width: 539px) 100vw, 539px\" \/><\/p>\n","protected":false},"excerpt":{"rendered":"<p>et la restauration compl\u00e8te sera termin\u00e9e en 2023 ou 2024 gr\u00e2ce au partenariat de la commune et l&rsquo; Association APARE&#8230; (comme pour le chemin de Ronde sur 4 ans) Clic ici pour<\/p>\n","protected":false},"author":7,"featured_media":10295,"comment_status":"closed","ping_status":"open","sticky":false,"template":"","format":"standard","meta":{"_EventAllDay":false,"_EventTimezone":"","_EventStartDate":"","_EventEndDate":"","_EventStartDateUTC":"","_EventEndDateUTC":"","_EventShowMap":false,"_EventShowMapLink":false,"_EventURL":"","_EventCost":"","_EventCostDescription":"","_EventCurrencySymbol":"","_EventCurrencyCode":"","_EventCurrencyPosition":"","_EventDateTimeSeparator":"","_EventTimeRangeSeparator":"","_EventOrganizerID":[],"_EventVenueID":[],"_OrganizerEmail":"","_OrganizerPhone":"","_OrganizerWebsite":"","_VenueAddress":"","_VenueCity":"","_VenueCountry":"","_VenueProvince":"","_VenueState":"","_VenueZip":"","_VenuePhone":"","_VenueURL":"","_VenueStateProvince":"","_VenueLat":"","_VenueLng":"","_VenueShowMap":false,"_VenueShowMapLink":false,"jetpack_post_was_ever_published":false,"_jetpack_newsletter_access":"","_jetpack_dont_email_post_to_subs":false,"_jetpack_newsletter_tier_id":0,"_jetpack_memberships_contains_paywalled_content":false,"_jetpack_memberships_contains_paid_content":false,"footnotes":"","jetpack_publicize_message":"","jetpack_publicize_feature_enabled":true,"jetpack_social_post_already_shared":true,"jetpack_social_options":{"image_generator_settings":{"template":"highway","default_image_id":0,"font":"","enabled":false},"version":2}},"categories":[3],"tags":[],"class_list":["post-10292","post","type-post","status-publish","format-standard","has-post-thumbnail","hentry","category-non-classe"],"jetpack_publicize_connections":[],"jetpack_featured_media_url":"https:\/\/www.mairie-volonne.fr\/wp-content\/uploads\/2020\/08\/La-Chareirrasse-2.jpg","jetpack_shortlink":"https:\/\/wp.me\/p6fN6B-2G0","jetpack_sharing_enabled":true,"_links":{"self":[{"href":"https:\/\/www.mairie-volonne.fr\/index.php\/wp-json\/wp\/v2\/posts\/10292","targetHints":{"allow":["GET"]}}],"collection":[{"href":"https:\/\/www.mairie-volonne.fr\/index.php\/wp-json\/wp\/v2\/posts"}],"about":[{"href":"https:\/\/www.mairie-volonne.fr\/index.php\/wp-json\/wp\/v2\/types\/post"}],"author":[{"embeddable":true,"href":"https:\/\/www.mairie-volonne.fr\/index.php\/wp-json\/wp\/v2\/users\/7"}],"replies":[{"embeddable":true,"href":"https:\/\/www.mairie-volonne.fr\/index.php\/wp-json\/wp\/v2\/comments?post=10292"}],"version-history":[{"count":5,"href":"https:\/\/www.mairie-volonne.fr\/index.php\/wp-json\/wp\/v2\/posts\/10292\/revisions"}],"predecessor-version":[{"id":10300,"href":"https:\/\/www.mairie-volonne.fr\/index.php\/wp-json\/wp\/v2\/posts\/10292\/revisions\/10300"}],"wp:featuredmedia":[{"embeddable":true,"href":"https:\/\/www.mairie-volonne.fr\/index.php\/wp-json\/wp\/v2\/media\/10295"}],"wp:attachment":[{"href":"https:\/\/www.mairie-volonne.fr\/index.php\/wp-json\/wp\/v2\/media?parent=10292"}],"wp:term":[{"taxonomy":"category","embeddable":true,"href":"https:\/\/www.mairie-volonne.fr\/index.php\/wp-json\/wp\/v2\/categories?post=10292"},{"taxonomy":"post_tag","embeddable":true,"href":"https:\/\/www.mairie-volonne.fr\/index.php\/wp-json\/wp\/v2\/tags?post=10292"}],"curies":[{"name":"wp","href":"https:\/\/api.w.org\/{rel}","templated":true}]}}